{"id":647794,"date":"2026-01-07T19:48:12","date_gmt":"2026-01-07T19:48:12","guid":{"rendered":"https:\/\/www.europesays.com\/fr\/647794\/"},"modified":"2026-01-07T19:48:12","modified_gmt":"2026-01-07T19:48:12","slug":"lubb-aux-cotes-de-colosse-aux-pieds-dargile-actualites-union-bordeaux-begles-ubb-rugby","status":"publish","type":"post","link":"https:\/\/www.europesays.com\/fr\/647794\/","title":{"rendered":"L&rsquo;UBB aux c\u00f4t\u00e9s de Colosse aux pieds d&rsquo;argile &#8211; Actualit\u00e9s &#8211; Union Bordeaux B\u00e8gles (UBB Rugby)"},"content":{"rendered":"<p>                    Pour d\u00e9marrer l&rsquo;ann\u00e9e 2026, l&rsquo;UBB et son programme Coeur de rugby se joignent au combat de l&rsquo;association Colosse aux pieds d&rsquo;argile\u00a0contre les violences sexuelles, le harc\u00e8lement et le bizutage. Un soutien affich\u00e9 notamment \u00e0 l&rsquo;occasion du dernier match face au Racing 92.\u00a0<\/p>\n<p><img decoding=\"async\" src=\"https:\/\/www.europesays.com\/fr\/wp-content\/uploads\/2026\/01\/DSC03766.jpg\" alt=\"\" width=\"1200\"\/>L&rsquo;UBB et Colosse aux pieds d&rsquo;argile solidaires dans la lutte contre le harc\u00e8lement<\/p>\n<p>Cr\u00e9\u00e9e en 2013 par l&rsquo;ancien rugbyman\u00a0S\u00e9bastien Boueilh, l&rsquo;association Colosse aux pieds d&rsquo;argile s&rsquo;est donn\u00e9e pour mission de\u00a0lutter contre les violences sexuelles, le bizutage et le harc\u00e8lement, notamment dans le milieu sportif. Pour rappel, pr\u00e8s d\u2019<strong>1 enfant sur 10<\/strong> est concern\u00e9 par ces sujets et <strong>plus de 80 % des cas de violences sexuelles<\/strong> sont subis <strong>avant 18 ans<\/strong>.<\/p>\n<p>Pour pr\u00e9venir et faire face \u00e0 ces fl\u00e9aux, l&rsquo;association m\u00e8ne diverses actions de sensibilisation, de formation et d&rsquo;accompagnement des victimes, et ce partout en France. \u00c0 titre d&rsquo;indication, Colosse aux pieds d&rsquo;argile a d\u00e9j\u00e0 sensibilis\u00e9 <strong>400 000 enfants<\/strong> et accompagn\u00e9 plus de <strong>3000 victimes<\/strong> depuis sa cr\u00e9ation.<\/p>\n<p>Dans le cadre de son programme C\u0153ur de rugby, l&rsquo;UBB a choisi de mettre en avant Colosse aux pieds d&rsquo;argile lors de l&rsquo;avant-match de la derni\u00e8re rencontre face au Racing 92. Son fondateur S\u00e9bastien\u00a0Boueilh et son nouveau pr\u00e9sident Fr\u00e9d\u00e9ric Lonn\u00e9 ont pu donner le symbolique coup d&rsquo;envoi fictif en pr\u00e9sence de Laurent Marti.<\/p>\n<p><img decoding=\"async\" src=\"https:\/\/www.europesays.com\/fr\/wp-content\/uploads\/2026\/01\/DSC00763.JPG\" alt=\"\" width=\"1200\"\/>La pr\u00e9vention nous concerne tous, et ce d\u00e8s le plus jeune \u00e2ge<\/p>\n<p>En parall\u00e8le, une \u00e9quipe de Colosse \u00e9tait pr\u00e9sente sur le stand Coeur de rugby de l&rsquo;UBB Village pour sensibiliser le public de Chaban aux sujets d&rsquo;harc\u00e8lement et des violences sexuelles. Un moment d&rsquo;\u00e9change avec les supporters m\u00ealant pr\u00e9vention et animations ludiques.<\/p>\n<p><strong>Un grand merci aux \u00e9quipes de Colosse aux pieds d&rsquo;argile pour leur pr\u00e9sence et leur engagement !<\/strong><\/p>\n","protected":false},"excerpt":{"rendered":"Pour d\u00e9marrer l&rsquo;ann\u00e9e 2026, l&rsquo;UBB et son programme Coeur de rugby se joignent au combat de l&rsquo;association Colosse&hellip;\n","protected":false},"author":2,"featured_media":647795,"comment_status":"","ping_status":"","sticky":false,"template":"","format":"standard","meta":{"footnotes":""},"categories":[1416],"tags":[1111,47,4402,1997,4404,4401,4356,4400,4357,1983,1011,27,1987,1114,2947,955,12,4048,479,1468,517,60,2858,478,4364,4403,1264],"class_list":{"0":"post-647794","1":"post","2":"type-post","3":"status-publish","4":"format-standard","5":"has-post-thumbnail","7":"category-rugby","8":"tag-actu","9":"tag-actualite","10":"tag-begles","11":"tag-bordeaux","12":"tag-chaban","13":"tag-challenge-cup","14":"tag-coronavirus","15":"tag-covid","16":"tag-covid-19","17":"tag-essai","18":"tag-fr","19":"tag-france","20":"tag-girondins","21":"tag-infos","22":"tag-lnr","23":"tag-match","24":"tag-news","25":"tag-presse","26":"tag-rugby","27":"tag-rugby-football","28":"tag-sport","29":"tag-sports","30":"tag-stade","31":"tag-top-14","32":"tag-ubb","33":"tag-union","34":"tag-victoire"},"share_on_mastodon":{"url":"https:\/\/pubeurope.com\/@fr\/115855550410099402","error":""},"_links":{"self":[{"href":"https:\/\/www.europesays.com\/fr\/wp-json\/wp\/v2\/posts\/647794","targetHints":{"allow":["GET"]}}],"collection":[{"href":"https:\/\/www.europesays.com\/fr\/wp-json\/wp\/v2\/posts"}],"about":[{"href":"https:\/\/www.europesays.com\/fr\/wp-json\/wp\/v2\/types\/post"}],"author":[{"embeddable":true,"href":"https:\/\/www.europesays.com\/fr\/wp-json\/wp\/v2\/users\/2"}],"replies":[{"embeddable":true,"href":"https:\/\/www.europesays.com\/fr\/wp-json\/wp\/v2\/comments?post=647794"}],"version-history":[{"count":0,"href":"https:\/\/www.europesays.com\/fr\/wp-json\/wp\/v2\/posts\/647794\/revisions"}],"wp:featuredmedia":[{"embeddable":true,"href":"https:\/\/www.europesays.com\/fr\/wp-json\/wp\/v2\/media\/647795"}],"wp:attachment":[{"href":"https:\/\/www.europesays.com\/fr\/wp-json\/wp\/v2\/media?parent=647794"}],"wp:term":[{"taxonomy":"category","embeddable":true,"href":"https:\/\/www.europesays.com\/fr\/wp-json\/wp\/v2\/categories?post=647794"},{"taxonomy":"post_tag","embeddable":true,"href":"https:\/\/www.europesays.com\/fr\/wp-json\/wp\/v2\/tags?post=647794"}],"curies":[{"name":"wp","href":"https:\/\/api.w.org\/{rel}","templated":true}]}}