{"id":647796,"date":"2026-01-07T19:49:10","date_gmt":"2026-01-07T19:49:10","guid":{"rendered":"https:\/\/www.europesays.com\/fr\/647796\/"},"modified":"2026-01-07T19:49:10","modified_gmt":"2026-01-07T19:49:10","slug":"la-suisse-bat-largentine-et-rejoint-les-demi-finales-tennistemple","status":"publish","type":"post","link":"https:\/\/www.europesays.com\/fr\/647796\/","title":{"rendered":"la Suisse bat l\u2019Argentine et rejoint les demi-finales \u2022 TennisTemple"},"content":{"rendered":"\n<p>\ud83c\uddf7\ud83c\uddf8 \u00ab Federer est le plus talentueux, le plus agr\u00e9able \u00e0 regarder jouer, il g\u00e9rait parfaitement son \u00e9nergie. Il \u00e9tait tr\u00e8s a\u00e9rien, \u00e9l\u00e9gant et tellement efficace. Tandis que Nadal est \u00e0 l&rsquo;oppos\u00e9 de tout \u00e7a.<\/p>\n<p>Il dominait physiquement. Je me trouvais quelque part entre les deux, mais je penchais plut\u00f4t vers le style de jeu de Nadal. Plus de glissades, plus de courses, un jeu beaucoup plus bas\u00e9 sur le &#8230;<\/p>\n<p> <a href=\"https:\/\/fr.tennistemple.com\/LaChaineTT\/post\/27463347\/federer-est-le-plus-talentueux-le-plus-agreable-a-rega\/\" class=\"expand\" target=\"_blank\" rel=\"noopener\">Lire en entier<\/a> <\/p>\n","protected":false},"excerpt":{"rendered":"\ud83c\uddf7\ud83c\uddf8 \u00ab Federer est le plus talentueux, le plus agr\u00e9able \u00e0 regarder jouer, il g\u00e9rait parfaitement son \u00e9nergie.&hellip;\n","protected":false},"author":2,"featured_media":647797,"comment_status":"","ping_status":"","sticky":false,"template":"","format":"standard","meta":{"footnotes":""},"categories":[1415],"tags":[1011,27,60,1467],"class_list":{"0":"post-647796","1":"post","2":"type-post","3":"status-publish","4":"format-standard","5":"has-post-thumbnail","7":"category-tennis","8":"tag-fr","9":"tag-france","10":"tag-sports","11":"tag-tennis"},"share_on_mastodon":{"url":"https:\/\/pubeurope.com\/@fr\/115855554166068266","error":""},"_links":{"self":[{"href":"https:\/\/www.europesays.com\/fr\/wp-json\/wp\/v2\/posts\/647796","targetHints":{"allow":["GET"]}}],"collection":[{"href":"https:\/\/www.europesays.com\/fr\/wp-json\/wp\/v2\/posts"}],"about":[{"href":"https:\/\/www.europesays.com\/fr\/wp-json\/wp\/v2\/types\/post"}],"author":[{"embeddable":true,"href":"https:\/\/www.europesays.com\/fr\/wp-json\/wp\/v2\/users\/2"}],"replies":[{"embeddable":true,"href":"https:\/\/www.europesays.com\/fr\/wp-json\/wp\/v2\/comments?post=647796"}],"version-history":[{"count":0,"href":"https:\/\/www.europesays.com\/fr\/wp-json\/wp\/v2\/posts\/647796\/revisions"}],"wp:featuredmedia":[{"embeddable":true,"href":"https:\/\/www.europesays.com\/fr\/wp-json\/wp\/v2\/media\/647797"}],"wp:attachment":[{"href":"https:\/\/www.europesays.com\/fr\/wp-json\/wp\/v2\/media?parent=647796"}],"wp:term":[{"taxonomy":"category","embeddable":true,"href":"https:\/\/www.europesays.com\/fr\/wp-json\/wp\/v2\/categories?post=647796"},{"taxonomy":"post_tag","embeddable":true,"href":"https:\/\/www.europesays.com\/fr\/wp-json\/wp\/v2\/tags?post=647796"}],"curies":[{"name":"wp","href":"https:\/\/api.w.org\/{rel}","templated":true}]}}