{"id":647798,"date":"2026-01-07T19:53:15","date_gmt":"2026-01-07T19:53:15","guid":{"rendered":"https:\/\/www.europesays.com\/fr\/647798\/"},"modified":"2026-01-07T19:53:15","modified_gmt":"2026-01-07T19:53:15","slug":"pour-lefevere-le-tour-ne-sachete-pas-sports","status":"publish","type":"post","link":"https:\/\/www.europesays.com\/fr\/647798\/","title":{"rendered":"Pour Lefevere, \u00ab le Tour ne s&rsquo;ach\u00e8te pas \u00bb : Sports"},"content":{"rendered":"<p class=\"date\">\n                                                            Guillaume Marion, Media365 : publi\u00e9 le mercredi 07 janvier 2026 \u00e0 17h50\n                                                    <\/p>\n<p>Alors que Remco Evenepoel a donc quitt\u00e9 Soudal-Quick Step pour Red Bull-Bora-Hansgrohe cette ann\u00e9e, Patrick Lefevere est revenu sur ce transfert lors d&rsquo;un entretien accord\u00e9 \u00e0 Sporza.<\/p>\n<p>En 2026, une nouveau chapitre de la carri\u00e8re de Remco Evenepoel a d\u00e9but\u00e9. En effet, apr\u00e8s s&rsquo;\u00eatre fait connaitre ces derni\u00e8res ann\u00e9es au sein de la formation Soudal-Quick Step, <a href=\"https:\/\/sports.orange.fr\/cyclisme\/article\/les-adieux-d-evenepoel-CNT000002mpEeW.html\" target=\"_blank\" rel=\"noopener\">le jeune Belge (25 ans) a r\u00e9cemment fait ses adieux \u00e0 son ancienne \u00e9quipe<\/a>, lui qui a d\u00e9sormais officiellement rejoint la formation allemande Red Bull-Bora-Hansgrohe, <a href=\"https:\/\/sports.orange.fr\/cyclisme\/article\/alaphilippe-est-toujours-le-francais-le-mieux-paye-exclu-CNT000002mvjRY.html\" target=\"_blank\" rel=\"noopener\">avec un tr\u00e8s, tr\u00e8s joli salaire \u00e0 la clef<\/a>.<\/p>\n<p>Toujours aussi ambitieux, le double champion olympique \u00e0 Paris esp\u00e8re d\u00e9sormais s&rsquo;illustrer sur les Grands Tours, et notamment lors du Tour de France. \u00c0 ce sujet, Patrick Lefevere a donn\u00e9 son avis. \u00ab Ils ont plus d&rsquo;argent et peuvent faire ce qu&rsquo;ils veulent, mais le Tour de France ne s&rsquo;ach\u00e8te pas. Il devra le gagner \u00e0 la force du poignet et avec intelligence \u00bb, a dans un premier temps d\u00e9clar\u00e9 son ancien patron.<\/p>\n<p><strong>Lefevere : \u00ab Je lui souhaite bonne chance \u00bb<\/strong><\/p>\n<p>\u00ab Il dit vouloir gagner le Tour et battre Tadej Pogacar. Je lui souhaite bonne chance. Je resterai un supporter. Je l&rsquo;ai d\u00e9couvert \u00e0 17 ans. Je ne suis pas du genre \u00e0 jeter aux oubliettes tout ce que j&rsquo;ai v\u00e9cu pendant sept ans. Au fond de moi, je resterai un fan. Il a le potentiel, mais je pense que Pogacar est encore hors de son niveau pour le moment \u00bb, a par la suite expliqu\u00e9 l&rsquo;ancien homme fort de l&rsquo;\u00e9quipe Soudal-Quick Step, lors d&rsquo;un entretien accord\u00e9 \u00e0 Sporza \u00e0 l&rsquo;occasion de ses 71 ans (le 6 janvier).<\/p>\n<p>\u00ab Remco a d\u00e9j\u00e0 connu beaucoup de revers. S&rsquo;il passe un bon hiver et s&rsquo;il peut faire ce qu&rsquo;il veut, alors on verra. (&#8230;) Il a sans doute une meilleure \u00e9quipe, mais chez nous, il \u00e9tait leader unique. Il dit que \u00e7a ne le d\u00e9range plus maintenant, mais le connaissant&#8230; \u00bb, a par la suite confi\u00e9 Lefevere, qui observe d\u00e9sormais tout cela de loin. En tout cas, Evenepoel est pr\u00e9venu, un \u00e9norme d\u00e9fi l&rsquo;attend au sein de la formation Red Bull-Bora-Hansgrohe.<\/p>\n","protected":false},"excerpt":{"rendered":"Guillaume Marion, Media365 : publi\u00e9 le mercredi 07 janvier 2026 \u00e0 17h50 Alors que Remco Evenepoel a donc&hellip;\n","protected":false},"author":2,"featured_media":647799,"comment_status":"","ping_status":"","sticky":false,"template":"","format":"standard","meta":{"footnotes":""},"categories":[1411],"tags":[1154,207,1011,27,60],"class_list":{"0":"post-647798","1":"post","2":"type-post","3":"status-publish","4":"format-standard","5":"has-post-thumbnail","7":"category-cyclisme","8":"tag-cycling","9":"tag-cyclisme","10":"tag-fr","11":"tag-france","12":"tag-sports"},"share_on_mastodon":{"url":"https:\/\/pubeurope.com\/@fr\/115855569963881865","error":""},"_links":{"self":[{"href":"https:\/\/www.europesays.com\/fr\/wp-json\/wp\/v2\/posts\/647798","targetHints":{"allow":["GET"]}}],"collection":[{"href":"https:\/\/www.europesays.com\/fr\/wp-json\/wp\/v2\/posts"}],"about":[{"href":"https:\/\/www.europesays.com\/fr\/wp-json\/wp\/v2\/types\/post"}],"author":[{"embeddable":true,"href":"https:\/\/www.europesays.com\/fr\/wp-json\/wp\/v2\/users\/2"}],"replies":[{"embeddable":true,"href":"https:\/\/www.europesays.com\/fr\/wp-json\/wp\/v2\/comments?post=647798"}],"version-history":[{"count":0,"href":"https:\/\/www.europesays.com\/fr\/wp-json\/wp\/v2\/posts\/647798\/revisions"}],"wp:featuredmedia":[{"embeddable":true,"href":"https:\/\/www.europesays.com\/fr\/wp-json\/wp\/v2\/media\/647799"}],"wp:attachment":[{"href":"https:\/\/www.europesays.com\/fr\/wp-json\/wp\/v2\/media?parent=647798"}],"wp:term":[{"taxonomy":"category","embeddable":true,"href":"https:\/\/www.europesays.com\/fr\/wp-json\/wp\/v2\/categories?post=647798"},{"taxonomy":"post_tag","embeddable":true,"href":"https:\/\/www.europesays.com\/fr\/wp-json\/wp\/v2\/tags?post=647798"}],"curies":[{"name":"wp","href":"https:\/\/api.w.org\/{rel}","templated":true}]}}