{"id":647800,"date":"2026-01-07T19:54:10","date_gmt":"2026-01-07T19:54:10","guid":{"rendered":"https:\/\/www.europesays.com\/fr\/647800\/"},"modified":"2026-01-07T19:54:10","modified_gmt":"2026-01-07T19:54:10","slug":"accord-trouve-entre-lom-et-abdelli-pour-un-contrat-de-cinq-ans","status":"publish","type":"post","link":"https:\/\/www.europesays.com\/fr\/647800\/","title":{"rendered":"accord trouv\u00e9 entre l&rsquo;OM et Abdelli pour un contrat de cinq ans"},"content":{"rendered":"<p>Toujours engag\u00e9 en Coupe d&rsquo;Afrique des nations avec l&rsquo;Alg\u00e9rie, Himad Abdelli a trouv\u00e9 un accord avec l&rsquo;Olympique de Marseille pour un transfert cet hiver, selon nos informations. Le milieu offensif d&rsquo;Angers doit cependant attendre que le club olympien vende des joueurs avant de recruter en retour.<\/p>\n<p>Un accord a \u00e9t\u00e9 trouv\u00e9 entre l&rsquo;OM et Himad Abdelli pour un contrat de 5 ans, selon les informations de RMC Sport. Convaincu par le projet sportif, le milieu offensif alg\u00e9rien d&rsquo;Angers appr\u00e9ciait d\u00e9j\u00e0 le club et le discours de <a href=\"https:\/\/rmcsport.bfmtv.com\/football\/roberto-de-zerbi_DN-202508100322.html\" title=\"Roberto De Zerbi\" class=\"internal_link\" target=\"_blank\" rel=\"noopener\">Roberto De Zerbi<\/a> l\u2019a s\u00e9duit.<\/p>\n<p>Les clubs qui \u00e9taient fortement int\u00e9ress\u00e9s, en l&rsquo;occurrence l\u2019OL et S\u00e9ville, ont \u00e9t\u00e9 inform\u00e9s par le joueur de 26 ans qu\u2019il souhaitait rejoindre Marseille, id\u00e9alement cet hiver.<\/p>\n<p>Vendre avant d&rsquo;acheter<\/p>\n<p>Avant toute chose, l\u2019OM doit vendre, comme le pr\u00e9sident Pablo Longoria l\u2019a affirm\u00e9 en conf\u00e9rence de presse. \u00ab\u00a0Le mercato de janvier doit permettre de maintenir le niveau de comp\u00e9titivit\u00e9 de l&rsquo;\u00e9quipe, qui s&rsquo;est am\u00e9lior\u00e9 par rapport \u00e0 la saison derni\u00e8re, et chercher \u00e0 all\u00e9ger les co\u00fbts \u00e9conomiques au sein du club\u00a0\u00bb, avait avanc\u00e9 le dirigeant en d\u00e9cembre.<\/p>\n<p>Il existe donc bien une volont\u00e9 de vendre des joueurs pour recruter en retour. Ce n&rsquo;est qu&rsquo;\u00e0 partir de ce moment que le club va commencer \u00e0 entrer dans le vif du sujet avec Angers.\u00a0<\/p>\n<p>Actuellement \u00e0 <a href=\"https:\/\/rmcsport.bfmtv.com\/football\/coupe-d-afrique-des-nations\/algerie-rd-congo-je-quitte-le-stade-en-larmes-l-emotion-de-boulbina-apres-son-but-salvateur_AV-202601070304.html\" title=\"Alg\u00e9rie-RD Congo: &quot;Je quitte le stade en larmes&quot;, l&#039;\u00e9motion de Boulbina apr\u00e8s son but salvateur\" class=\"internal_link\" target=\"_blank\" rel=\"noopener\">la CAN 2025 avec l&rsquo;Alg\u00e9rie<\/a>, o\u00f9 il a \u00e9t\u00e9 titulaire contre la Guin\u00e9e \u00e9quatoriale (3-0) et disput\u00e9 plus de 70 minutes contre la R\u00e9publique d\u00e9mocratique du Congo (1-0 apr\u00e8s prolongation), Himad Abdelli, en fin de contrat avec le Sco en juin prochain, a disput\u00e9 119 matchs avec le club angevin pour 20 buts et six passes d\u00e9cisives. Cette saison, il est apparu 13 fois en championnat.<\/p>\n","protected":false},"excerpt":{"rendered":"Toujours engag\u00e9 en Coupe d&rsquo;Afrique des nations avec l&rsquo;Alg\u00e9rie, Himad Abdelli a trouv\u00e9 un accord avec l&rsquo;Olympique de&hellip;\n","protected":false},"author":2,"featured_media":647801,"comment_status":"","ping_status":"","sticky":false,"template":"","format":"standard","meta":{"footnotes":""},"categories":[1410],"tags":[63,1011,27,60],"class_list":{"0":"post-647800","1":"post","2":"type-post","3":"status-publish","4":"format-standard","5":"has-post-thumbnail","7":"category-football","8":"tag-football","9":"tag-fr","10":"tag-france","11":"tag-sports"},"share_on_mastodon":{"url":"https:\/\/pubeurope.com\/@fr\/115855574177689873","error":""},"_links":{"self":[{"href":"https:\/\/www.europesays.com\/fr\/wp-json\/wp\/v2\/posts\/647800","targetHints":{"allow":["GET"]}}],"collection":[{"href":"https:\/\/www.europesays.com\/fr\/wp-json\/wp\/v2\/posts"}],"about":[{"href":"https:\/\/www.europesays.com\/fr\/wp-json\/wp\/v2\/types\/post"}],"author":[{"embeddable":true,"href":"https:\/\/www.europesays.com\/fr\/wp-json\/wp\/v2\/users\/2"}],"replies":[{"embeddable":true,"href":"https:\/\/www.europesays.com\/fr\/wp-json\/wp\/v2\/comments?post=647800"}],"version-history":[{"count":0,"href":"https:\/\/www.europesays.com\/fr\/wp-json\/wp\/v2\/posts\/647800\/revisions"}],"wp:featuredmedia":[{"embeddable":true,"href":"https:\/\/www.europesays.com\/fr\/wp-json\/wp\/v2\/media\/647801"}],"wp:attachment":[{"href":"https:\/\/www.europesays.com\/fr\/wp-json\/wp\/v2\/media?parent=647800"}],"wp:term":[{"taxonomy":"category","embeddable":true,"href":"https:\/\/www.europesays.com\/fr\/wp-json\/wp\/v2\/categories?post=647800"},{"taxonomy":"post_tag","embeddable":true,"href":"https:\/\/www.europesays.com\/fr\/wp-json\/wp\/v2\/tags?post=647800"}],"curies":[{"name":"wp","href":"https:\/\/api.w.org\/{rel}","templated":true}]}}