{"id":647805,"date":"2026-01-07T19:58:09","date_gmt":"2026-01-07T19:58:09","guid":{"rendered":"https:\/\/www.europesays.com\/fr\/647805\/"},"modified":"2026-01-07T19:58:09","modified_gmt":"2026-01-07T19:58:09","slug":"sept-reboots-televises-qui-ont-trahi-lesprit-des-series-originales","status":"publish","type":"post","link":"https:\/\/www.europesays.com\/fr\/647805\/","title":{"rendered":"Sept reboots t\u00e9l\u00e9vis\u00e9s qui ont trahi l\u2019esprit des s\u00e9ries originales"},"content":{"rendered":"<p class=\"chapo\">Plusieurs s\u00e9ries t\u00e9l\u00e9vis\u00e9es embl\u00e9matiques ont r\u00e9cemment fait l\u2019objet de reboots, mais certains n\u2019ont pas su retrouver l\u2019essence qui avait s\u00e9duit le public \u00e0 l\u2019origine, d\u00e9cevant les fans et suscitant de nombreuses critiques sur leurs choix cr\u00e9atifs.<\/p>\n<p>Tl;dr<\/p>\n<ul>\n<li>Plusieurs reboots de s\u00e9ries ratent l\u2019essence de l\u2019original.<\/li>\n<li>Des choix cr\u00e9atifs mal adapt\u00e9s au contexte actuel.<\/li>\n<li>Les fans se sentent souvent d\u00e9\u00e7us ou trahis.<\/li>\n<\/ul>\n<p>Quand la nostalgie vire au d\u00e9senchantement<\/p>\n<p>Raviver une s\u00e9rie culte n\u2019est jamais un exercice anodin. Ces derni\u00e8res ann\u00e9es, nombre de grands classiques ont \u00e9t\u00e9 relanc\u00e9s \u00e0 la t\u00e9l\u00e9vision, avec, il faut bien l\u2019admettre, des r\u00e9sultats pour le moins mitig\u00e9s. Certes, l\u2019objectif d\u2019un reboot est souvent louable : offrir une seconde vie \u00e0 une \u0153uvre appr\u00e9ci\u00e9e, en la d\u00e9poussi\u00e9rant gr\u00e2ce \u00e0 des regards nouveaux. Pourtant, force est de constater que beaucoup \u00e9chouent \u00e0 retrouver ce qui avait fait le sel de leur pr\u00e9d\u00e9cesseur.<\/p>\n<p>L\u2019art perdu du \u00ab reboot \u00bb r\u00e9ussi<\/p>\n<p>Reprenons quelques cas embl\u00e9matiques. Le retour de Murphy Brown, ic\u00f4ne t\u00e9l\u00e9visuelle de la fin des ann\u00e9es 1980, en est un parfait exemple. Au fil de sa premi\u00e8re mouture, cette s\u00e9rie avait su traiter de th\u00e8mes sociaux majeurs tout en restant centr\u00e9e sur ses personnages et leurs dynamiques humaines. En 2018, sa relance s\u2019est h\u00e9las \u00e9gar\u00e9e dans une satire politique trop appuy\u00e9e et d\u00e9connect\u00e9e de son h\u00e9ritage \u00e9motionnel. M\u00eame constat pour <a href=\"https:\/\/www.begeek.fr\/pourquoi-cbs-a-annule-le-reboot-de-the-twilight-zone-421644\" target=\"_blank\" rel=\"noopener\">The Twilight Zone<\/a>, dont la version 2019 a tent\u00e9 d\u2019imiter les codes originaux sans jamais prendre la mesure du monde contemporain ou rivaliser avec un ph\u00e9nom\u00e8ne comme <strong>Black Mirror<\/strong>. \u00c0 force d\u2019hommages excessifs, le nouveau format s\u2019est retrouv\u00e9 prisonnier du pass\u00e9.<\/p>\n<p>Parmi les autres relectures notables, citons le remake de MacGyver (2016), incapable d\u2019\u00e9galer l\u2019ing\u00e9niosit\u00e9 l\u00e9gendaire du h\u00e9ros original tant le contexte technologique avait chang\u00e9. Quant \u00e0 Heroes Reborn, cens\u00e9 renouer avec les grandes heures de la s\u00e9rie m\u00e8re, il a surtout brill\u00e9 par son absence d\u2019\u00e9motion et une intrigue peu engageante autour des nouveaux \u00ab\u00a0<strong>Evos<\/strong>\u00a0\u00bb.<\/p>\n<p>Mauvais choix cr\u00e9atifs et public d\u00e9sorient\u00e9<\/p>\n<p>La tentation de r\u00e9interpr\u00e9ter radicalement certaines licences s\u2019av\u00e8re parfois fatale. Bel-Air, par exemple, a troqu\u00e9 la l\u00e9g\u00e8ret\u00e9 humoristique du Fresh Prince of Bel-Air contre une noirceur dramatique qui occulte ce m\u00e9lange si pr\u00e9cieux entre rires et questionnements soci\u00e9taux. Autre exemple frappant : Velma. Ce spin-off anim\u00e9 autour des d\u00e9buts de Mystery Inc., sorti en 2023, a choisi d\u2019\u00e9liminer Scooby-Doo et tout l\u2019esprit \u00ab\u00a0campy\u00a0\u00bb si caract\u00e9ristique ; une d\u00e9marche jug\u00e9e trop agressivement provocatrice par beaucoup.<\/p>\n<p>Voici quelques erreurs r\u00e9currentes observ\u00e9es dans ces reboots :<\/p>\n<ul>\n<li>Mauvaise compr\u00e9hension des \u00e9l\u00e9ments-cl\u00e9s ayant fait le succ\u00e8s initial.<\/li>\n<li>Trop grande d\u00e9pendance \u00e0 l\u2019actualit\u00e9 ou \u00e0 la tendance sociale.<\/li>\n<li>N\u00e9gligence du lien \u00e9motionnel entre personnages et spectateurs.<\/li>\n<\/ul>\n<p>L\u2019alchimie perdue des s\u00e9ries s\u0153urs<\/p>\n<p>Difficile \u00e9galement d\u2019oublier le cas du nouveau <a href=\"https:\/\/www.begeek.fr\/charmed-le-reboot-par-the-cw-montre-un-premier-long-apercu-274983\" target=\"_blank\" rel=\"noopener\">Charmed<\/a>. Voulu plus f\u00e9ministe encore que l\u2019originale \u2014 d\u00e9j\u00e0 avant-gardiste sur ce terrain \u2014 le reboot a sacrifi\u00e9 ce qui rendait la s\u00e9rie unique : la spontan\u00e9it\u00e9 et la puissance du lien sororal. R\u00e9sultat ? Une perte totale d\u2019identit\u00e9 aux yeux des aficionados.<\/p>\n<p>Face \u00e0 ces multiples faux pas cr\u00e9atifs, on comprend que r\u00e9ussir un reboot implique bien plus qu\u2019une simple modernisation esth\u00e9tique : il s\u2019agit avant tout de saisir l\u2019essence intangible qui faisait vibrer les fans d\u00e8s le premier \u00e9pisode.<\/p>\n","protected":false},"excerpt":{"rendered":"Plusieurs s\u00e9ries t\u00e9l\u00e9vis\u00e9es embl\u00e9matiques ont r\u00e9cemment fait l\u2019objet de reboots, mais certains n\u2019ont pas su retrouver l\u2019essence qui&hellip;\n","protected":false},"author":2,"featured_media":647806,"comment_status":"","ping_status":"","sticky":false,"template":"","format":"standard","meta":{"footnotes":""},"categories":[1356],"tags":[58,59,1011,27,252,1364],"class_list":{"0":"post-647805","1":"post","2":"type-post","3":"status-publish","4":"format-standard","5":"has-post-thumbnail","7":"category-television","8":"tag-divertissement","9":"tag-entertainment","10":"tag-fr","11":"tag-france","12":"tag-television","13":"tag-tv"},"share_on_mastodon":{"url":"https:\/\/pubeurope.com\/@fr\/115855590081143519","error":""},"_links":{"self":[{"href":"https:\/\/www.europesays.com\/fr\/wp-json\/wp\/v2\/posts\/647805","targetHints":{"allow":["GET"]}}],"collection":[{"href":"https:\/\/www.europesays.com\/fr\/wp-json\/wp\/v2\/posts"}],"about":[{"href":"https:\/\/www.europesays.com\/fr\/wp-json\/wp\/v2\/types\/post"}],"author":[{"embeddable":true,"href":"https:\/\/www.europesays.com\/fr\/wp-json\/wp\/v2\/users\/2"}],"replies":[{"embeddable":true,"href":"https:\/\/www.europesays.com\/fr\/wp-json\/wp\/v2\/comments?post=647805"}],"version-history":[{"count":0,"href":"https:\/\/www.europesays.com\/fr\/wp-json\/wp\/v2\/posts\/647805\/revisions"}],"wp:featuredmedia":[{"embeddable":true,"href":"https:\/\/www.europesays.com\/fr\/wp-json\/wp\/v2\/media\/647806"}],"wp:attachment":[{"href":"https:\/\/www.europesays.com\/fr\/wp-json\/wp\/v2\/media?parent=647805"}],"wp:term":[{"taxonomy":"category","embeddable":true,"href":"https:\/\/www.europesays.com\/fr\/wp-json\/wp\/v2\/categories?post=647805"},{"taxonomy":"post_tag","embeddable":true,"href":"https:\/\/www.europesays.com\/fr\/wp-json\/wp\/v2\/tags?post=647805"}],"curies":[{"name":"wp","href":"https:\/\/api.w.org\/{rel}","templated":true}]}}