{"id":647807,"date":"2026-01-07T19:59:11","date_gmt":"2026-01-07T19:59:11","guid":{"rendered":"https:\/\/www.europesays.com\/fr\/647807\/"},"modified":"2026-01-07T19:59:11","modified_gmt":"2026-01-07T19:59:11","slug":"bruce-dickinson-raconte-lambiance-tendue-lors-de-son-audition-avec-iron-maiden","status":"publish","type":"post","link":"https:\/\/www.europesays.com\/fr\/647807\/","title":{"rendered":"Bruce Dickinson raconte l\u2019ambiance tendue lors de son audition avec Iron Maiden"},"content":{"rendered":"<p><strong>Dans une interview r\u00e9cemment remise en ligne par Classic Rock, <a href=\"https:\/\/www.metalzone.fr\/bruce-dickinson\/\" target=\"_blank\" rel=\"noopener\">Bruce Dickinson<\/a> revient sur le moment d\u00e9cisif o\u00f9 il a quitt\u00e9 Samson pour auditionner aupr\u00e8s d\u2019<a href=\"https:\/\/www.metalzone.fr\/iron-maiden\/\" target=\"_blank\" rel=\"noopener\">Iron Maiden<\/a> en 1981 \u2014 un tournant marqu\u00e9 par un climat tendu et une d\u00e9termination sans faille.<\/strong><\/p>\n<p>Bruce Dickinson raconte son arriv\u00e9e chez Iron Maiden<\/p>\n<p>Dans une <a href=\"https:\/\/www.loudersound.com\/bands-artists\/bruce-dickinson-samson-iron-maiden\" target=\"_blank\" rel=\"noopener\">interview accord\u00e9e \u00e0 Classic Rock<\/a>, Bruce Dickinson revient sur la fa\u00e7on dont sa d\u00e9couverte d\u2019Iron Maiden a boulevers\u00e9 son parcours. Alors qu\u2019il chantait encore avec Samson, il assiste \u00e0 un concert du groupe \u00e0 Londres : \u201cC\u2019\u00e9tait comme se faire renverser par un train en marche. Je me suis dit : \u2018Je dois chanter dans ce groupe.\u2019\u201d<\/p>\n<p>Peu apr\u00e8s leur passage au Reading Festival, il est contact\u00e9 par Steve Harris et Rod Smallwood, qui lui proposent de passer une audition. La r\u00e9action de Dickinson est imm\u00e9diate : \u201cJe vais d\u00e9crocher le poste. Je ne suis pas un clone, j\u2019ai mes id\u00e9es, et \u00e7a ne plaira peut-\u00eatre pas \u00e0 Steve.\u201d Harris lui r\u00e9pond simplement : \u201cTr\u00e8s bien.\u201d<\/p>\n<p>L\u2019audition se d\u00e9roule \u00e0 Hackney, dans une ambiance pesante : \u201cTout le monde avait l\u2019air abattu. Je me suis dit : \u2018\u00c7a va \u00eatre compliqu\u00e9.\u2019\u201d Mais apr\u00e8s quelques reprises de morceaux de <a href=\"https:\/\/www.metalzone.fr\/deep-purple\/\" target=\"_blank\" rel=\"noopener\">Deep Purple<\/a> ou d\u2019<a href=\"https:\/\/www.metalzone.fr\/ac-dc\/\" target=\"_blank\" rel=\"noopener\">AC\/DC<\/a>, le climat s\u2019all\u00e8ge : \u201cOn a fini par rigoler tous ensemble.\u201d<\/p>\n<p>Iron Maiden en 2026 : 50 ans et une tourn\u00e9e toujours active<\/p>\n<p>En 2026, Iron Maiden c\u00e9l\u00e8bre ses cinquante ans de carri\u00e8re et poursuit sa tourn\u00e9e Run For Your Lives, ax\u00e9e sur ses neuf premiers albums. Plusieurs dates sont pr\u00e9vues en France en juin, notamment \u00e0 Paris La D\u00e9fense Arena, au <a href=\"https:\/\/www.metalzone.fr\/hellfest\/\" target=\"_blank\" rel=\"noopener\">Hellfest<\/a> et \u00e0 Lyon. Steve Harris a r\u00e9cemment d\u00e9clar\u00e9 dans Kerrang! : \u201cTant que \u00e7a continue, tant mieux.\u201d<\/p>\n<p>La r\u00e9\u00e9dition de Live After Death s\u2019est \u00e9galement hiss\u00e9e en t\u00eate des ventes au Royaume-Uni, 40 ans apr\u00e8s sa sortie. Et la pr\u00e9sence du morceau The Trooper dans le final de Stranger Things confirme l\u2019impact culturel toujours fort du groupe.<\/p>\n","protected":false},"excerpt":{"rendered":"Dans une interview r\u00e9cemment remise en ligne par Classic Rock, Bruce Dickinson revient sur le moment d\u00e9cisif o\u00f9&hellip;\n","protected":false},"author":2,"featured_media":408096,"comment_status":"","ping_status":"","sticky":false,"template":"","format":"standard","meta":{"footnotes":""},"categories":[1355],"tags":[58,59,1011,27,1361,873],"class_list":{"0":"post-647807","1":"post","2":"type-post","3":"status-publish","4":"format-standard","5":"has-post-thumbnail","7":"category-musique","8":"tag-divertissement","9":"tag-entertainment","10":"tag-fr","11":"tag-france","12":"tag-music","13":"tag-musique"},"share_on_mastodon":{"url":"https:\/\/pubeurope.com\/@fr\/115855593570438265","error":""},"_links":{"self":[{"href":"https:\/\/www.europesays.com\/fr\/wp-json\/wp\/v2\/posts\/647807","targetHints":{"allow":["GET"]}}],"collection":[{"href":"https:\/\/www.europesays.com\/fr\/wp-json\/wp\/v2\/posts"}],"about":[{"href":"https:\/\/www.europesays.com\/fr\/wp-json\/wp\/v2\/types\/post"}],"author":[{"embeddable":true,"href":"https:\/\/www.europesays.com\/fr\/wp-json\/wp\/v2\/users\/2"}],"replies":[{"embeddable":true,"href":"https:\/\/www.europesays.com\/fr\/wp-json\/wp\/v2\/comments?post=647807"}],"version-history":[{"count":0,"href":"https:\/\/www.europesays.com\/fr\/wp-json\/wp\/v2\/posts\/647807\/revisions"}],"wp:featuredmedia":[{"embeddable":true,"href":"https:\/\/www.europesays.com\/fr\/wp-json\/wp\/v2\/media\/408096"}],"wp:attachment":[{"href":"https:\/\/www.europesays.com\/fr\/wp-json\/wp\/v2\/media?parent=647807"}],"wp:term":[{"taxonomy":"category","embeddable":true,"href":"https:\/\/www.europesays.com\/fr\/wp-json\/wp\/v2\/categories?post=647807"},{"taxonomy":"post_tag","embeddable":true,"href":"https:\/\/www.europesays.com\/fr\/wp-json\/wp\/v2\/tags?post=647807"}],"curies":[{"name":"wp","href":"https:\/\/api.w.org\/{rel}","templated":true}]}}