{"id":647820,"date":"2026-01-07T20:06:17","date_gmt":"2026-01-07T20:06:17","guid":{"rendered":"https:\/\/www.europesays.com\/fr\/647820\/"},"modified":"2026-01-07T20:06:17","modified_gmt":"2026-01-07T20:06:17","slug":"manifestations-en-iran-derniers-developpements-07-01-2026-a-2059","status":"publish","type":"post","link":"https:\/\/www.europesays.com\/fr\/647820\/","title":{"rendered":"Manifestations en Iran: derniers d\u00e9veloppements &#8211; 07\/01\/2026 \u00e0 20:59"},"content":{"rendered":"<p>        <img decoding=\"async\" src=\"https:\/\/www.europesays.com\/fr\/wp-content\/uploads\/2026\/01\/3d9cf9f712b24b59462a6c23a70a8ff5-760x506.jpg\" alt=\"Cette capture d'une video UGC diffus\u00e9e sur les r\u00e9seaux sociaux montre des forces de l'ordre iraniennes dispersant des manifestants dans le Grand bazar de T\u00e9h\u00e9ran le 6 janvier 2026   ( UGC \/ - )\" loading=\"eager\" fetchpriority=\"high\" width=\"760\" height=\"506\" style=\"max-width: 100%!important; height: auto;\"\/><\/p>\n<p class=\"c-image-news__legend\">Cette capture d&rsquo;une video UGC diffus\u00e9e sur les r\u00e9seaux sociaux montre des forces de l&rsquo;ordre iraniennes dispersant des manifestants dans le Grand bazar de T\u00e9h\u00e9ran le 6 janvier 2026   ( UGC \/ &#8211; )<\/p>\n<p>\n De nouvelles manifestations se sont tenues mercredi dans diverses villes iraniennes, certaines marqu\u00e9es par des violences qui ont co\u00fbt\u00e9 la vie \u00e0 deux policiers, en d\u00e9pit des tentatives d&rsquo;apaisement du pr\u00e9sident Massoud Pezeshkian.\n<\/p>\n<p>\n Voici les derniers d\u00e9veloppements.\n<\/p>\n<p> &#8211; Deux policiers morts, une mosqu\u00e9e attaqu\u00e9e &#8211;<\/p>\n<p>\n Une manifestation de commer\u00e7ants \u00e0 Lordegan, \u00e0 455 km de T\u00e9h\u00e9ran dans le sud-ouest du pays, a d\u00e9g\u00e9n\u00e9r\u00e9 mercredi en affrontements arm\u00e9s avec les forces de l&rsquo;ordre, provoquant la mort de deux policiers et blessant 30 personnes, selon l&rsquo;agence de presse Fars.\n<\/p>\n<p>\n Des \u00ab\u00a0\u00e9meutiers ont commenc\u00e9 \u00e0 jeter des pierres sur les forces de l&rsquo;ordre\u00a0\u00bb et certains en possession d&rsquo;armes ont \u00ab\u00a0ouvert le feu sur la police\u00a0\u00bb, a ajout\u00e9 Fars.\n<\/p>\n<p>\n A Bojnourd, dans le nord-est, selon l&rsquo;agence de presse iranienne Tasnim, des \u00ab\u00a0\u00e9meutiers\u00a0\u00bb ont \u00ab\u00a0jet\u00e9 des pierres et bris\u00e9 les fen\u00eatres de la mosqu\u00e9e Imam Khomeini\u00a0\u00bb mercredi apr\u00e8s avoir quitt\u00e9 un rassemblement de syndicats.\n<\/p>\n<p>\n \u00ab\u00a0Un certain nombre d&rsquo;\u00e9meutiers et agitateurs\u00a0\u00bb ont ensuite attaqu\u00e9 une librairie de cette ville vendant des corans et des livres de pri\u00e8res, ajoute Tasnim, qui pr\u00e9cise que le magasin a \u00e9t\u00e9 incendi\u00e9 et \u00ab\u00a0tous les livres br\u00fbl\u00e9s\u00a0\u00bb.\n<\/p>\n<p>\n \u00ab\u00a0Un Iranien peut mourir mais n&rsquo;acceptera pas l&rsquo;humiliation!\u00a0\u00bb ont cri\u00e9 des manifestants de Bojnourd, selon une vid\u00e9o publi\u00e9e par l&rsquo;ONG Iran Human Rights (IHR), bas\u00e9 en Norv\u00e8ge.\n<\/p>\n<p> &#8211; Slogans politiques \u00e0 T\u00e9h\u00e9ran et ailleurs &#8211;<\/p>\n<p>        <img decoding=\"async\" src=\"https:\/\/www.europesays.com\/fr\/wp-content\/uploads\/2026\/01\/0723d2aa911aad94e8687b91518b1268-512x768.jpg\" alt=\"Cette capture faite le 6 janvier 2026 d'une video UGC publi\u00e9e sur les r\u00e9seaux sociaux le m\u00eame jour montre des heurts entre manifestants et forces de s\u00e9curit\u00e9 au bazar de T\u00e9h\u00e9ran, au dixi\u00e8me jour d'un mouvement de contestation en Iran  ( UGC \/ - )\" loading=\"eager\" fetchpriority=\"high\" width=\"512\" height=\"768\" style=\"max-width: 100%!important; height: auto;\"\/><\/p>\n<p class=\"c-image-news__legend\">Cette capture faite le 6 janvier 2026 d&rsquo;une video UGC publi\u00e9e sur les r\u00e9seaux sociaux le m\u00eame jour montre des heurts entre manifestants et forces de s\u00e9curit\u00e9 au bazar de T\u00e9h\u00e9ran, au dixi\u00e8me jour d&rsquo;un mouvement de contestation en Iran  ( UGC \/ &#8211; )<\/p>\n<p>\n \u00ab\u00a0Mort au dictateur! Libert\u00e9!\u00a0\u00bb, ont cri\u00e9 mercredi des manifestants dans un quartier hupp\u00e9 de T\u00e9h\u00e9ran, selon IHR.\n<\/p>\n<p>\n La veille,  des heurts s&rsquo;\u00e9taient produits pour la premi\u00e8re fois en plein jour au coeur de la capitale, o\u00f9 des rassemblements sporadiques sans incident majeur se d\u00e9roulaient jusque-l\u00e0 principalement en soir\u00e9e, d&rsquo;apr\u00e8s les m\u00e9dias locaux.\n<\/p>\n<p>\n Une importante manifestation s&rsquo;est aussi tenue mercredi dans la ville portuaire de Bandar Abbas, dans le sud, d&rsquo;apr\u00e8s une vid\u00e9o post\u00e9e par l&rsquo;ONG Activistes des droits humains en Iran (HRNA) situ\u00e9e aux Etats-Unis. On y entend les manifestants crier: \u00ab\u00a0Ne soyez pas spectateurs, rejoignez-nous\u00a0\u00bb ou encore \u00ab\u00a0C&rsquo;est la bataille finale, Pahlavi reviendra\u00a0\u00bb (en r\u00e9f\u00e9rence \u00e0 la dynastie chass\u00e9e par la R\u00e9volution islamique de 1979).\n<\/p>\n<p>\n Selon la cha\u00eene de t\u00e9l\u00e9vision d&rsquo;opposition Iran International bas\u00e9e \u00e0 Londres, les rues d&rsquo;Aligoudarz \u00e9taient noires de monde, dans l&rsquo;ouest iranien, certains scandant \u00ab\u00a0C&rsquo;est l&rsquo;ann\u00e9e du sang, Seyyed Ali sera d\u00e9mis\u00a0\u00bb, du nom du guide supr\u00eame Ali Khamenei.\n<\/p>\n<p>\n Des vid\u00e9os publi\u00e9es par HRNA t\u00e9moignent aussi d&rsquo;une forte affluence de protestataires dans la grande ville de Rasht, situ\u00e9e dans le nord-ouest du pays, sur la mer Caspienne.\n<\/p>\n<p>\n Depuis le d\u00e9but du mouvement, des rassemblements ont eu lieu dans au moins une cinquantaine de villes, essentiellement petites et moyennes, surtout dans l&rsquo;ouest du pays, selon un d\u00e9compte de l&rsquo;AFP bas\u00e9 sur les annonces officielles et des m\u00e9dias. Officiellement, 25 provinces sur 31 ont \u00e9t\u00e9 concern\u00e9es depuis le d\u00e9but du mouvement.\n<\/p>\n<p> &#8211; Apaisement d&rsquo;un c\u00f4t\u00e9, menace de l&rsquo;autre<\/p>\n<p>        <img decoding=\"async\" src=\"https:\/\/www.europesays.com\/fr\/wp-content\/uploads\/2026\/01\/9cfa01e095e1c01068f45a13d972a654-760x507.jpg\" alt=\"Un commer\u00e7ant sert un client dans son magasin de T\u00e9h\u00e9ran le 7 janvier 2026 ( AFP \/ ATTA KENARE )\" loading=\"eager\" fetchpriority=\"high\" width=\"760\" height=\"507\" style=\"max-width: 100%!important; height: auto;\"\/><\/p>\n<p class=\"c-image-news__legend\">Un commer\u00e7ant sert un client dans son magasin de T\u00e9h\u00e9ran le 7 janvier 2026 ( AFP \/ ATTA KENARE )<\/p>\n<p>\n Le pr\u00e9sident Massoud Pezeshkian, qui tient des d\u00e9clarations plut\u00f4t mod\u00e9r\u00e9es depuis le d\u00e9but de la contestation mais ne d\u00e9tient pas la r\u00e9alit\u00e9 du pouvoir &#8211;  aux mains du guide supr\u00eame Ali Khamenei &#8211; a ordonn\u00e9 mercredi aux forces de l&rsquo;ordre de ne pas s&rsquo;en prendre aux manifestants, a rapport\u00e9 l&rsquo;agence de presse Mehr.\n<\/p>\n<p>\n Toutefois, \u00ab\u00a0ceux qui portent des armes \u00e0 feu, des couteaux et des machettes et qui attaquent des commissariats et sites militaires sont des \u00e9meutiers\u00a0\u00bb, a-t-il pr\u00e9cis\u00e9 en Conseil des ministres.\n<\/p>\n<p>\n Parall\u00e8lement, le chef de l&rsquo;arm\u00e9e iranienne Amir Hatani a hauss\u00e9 le ton apr\u00e8s les menaces de Donald Trump d&rsquo;intervenir militairement en Iran si des manifestants \u00e9taient tu\u00e9s, et le \u00ab\u00a0soutien\u00a0\u00bb apport\u00e9 aux protestataires par le Premier ministre isra\u00e9lien, Benjamin Netanyahu.\n<\/p>\n<p>\n \u00ab\u00a0Si l&rsquo;ennemi commet une erreur, nous riposterons avec plus de fermet\u00e9\u00a0\u00bb que lors de la guerre des 12 jours en juin contre Isra\u00ebl et les Etats-Unis, a-t-il menac\u00e9 \u00e0 son tour.\n<\/p>\n<p> &#8211; Au moins 27 morts, de nombreuses arrestations<\/p>\n<p>\n Depuis le d\u00e9but du mouvement, au moins 27 protestataires ont \u00ab\u00a0\u00e9t\u00e9 tu\u00e9s par des tirs ou d&rsquo;autres formes de violence perp\u00e9tr\u00e9es par les forces de s\u00e9curit\u00e9 dans huit provinces\u00a0\u00bb, selon le dernier bilan, mardi, de IHR.\n<\/p>\n<p>        <img decoding=\"async\" src=\"https:\/\/www.europesays.com\/fr\/wp-content\/uploads\/2026\/01\/70ef7f7b39f4ea5b0048d4619690fe1f-760x482.jpg\" alt=\"Un commer\u00e7ant compte des billets de banque iraniens le 7 janvier 2026 \u00e0 T\u00e9h\u00e9ran ( AFP \/ ATTA KENARE )\" loading=\"eager\" fetchpriority=\"high\" width=\"760\" height=\"482\" style=\"max-width: 100%!important; height: auto;\"\/><\/p>\n<p class=\"c-image-news__legend\">Un commer\u00e7ant compte des billets de banque iraniens le 7 janvier 2026 \u00e0 T\u00e9h\u00e9ran ( AFP \/ ATTA KENARE )<\/p>\n<p>\n Selon cette ONG, plus de 1.000 personnes ont \u00e9t\u00e9 arr\u00eat\u00e9es.\n<\/p>\n<p>\n Les m\u00e9dias iraniens relayant des annonces officielles font eux \u00e9tat de 15 morts, dont des membres des forces de s\u00e9curit\u00e9, depuis le d\u00e9but de la contestation.\n<\/p>\n<p> &#8211; L&rsquo;Australie appelle \u00e0 quitter l&rsquo;Iran &#8211;<\/p>\n<p>\n Le gouvernement australien a demand\u00e9 mercredi \u00e0 ses ressortissants de quitter l&rsquo;Iran\u00a0\u00bb d\u00e8s que possible\u00a0\u00bb.\n<\/p>\n<p>\n \u00ab\u00a0De violentes manifestations se poursuivent dans tout le pays, susceptibles de s&rsquo;intensifier (&#8230;) la situation s\u00e9curitaire est volatile\u00a0\u00bb, pr\u00e9cise une nouvelle version de ses conseils aux voyageurs.<\/p>\n","protected":false},"excerpt":{"rendered":"Cette capture d&rsquo;une video UGC diffus\u00e9e sur les r\u00e9seaux sociaux montre des forces de l&rsquo;ordre iraniennes dispersant des&hellip;\n","protected":false},"author":2,"featured_media":647821,"comment_status":"","ping_status":"","sticky":false,"template":"","format":"standard","meta":{"footnotes":""},"categories":[5],"tags":[400,11,398,408,405,1011,27,403,14,402,399,404,12,401,406,407,28],"class_list":{"0":"post-647820","1":"post","2":"type-post","3":"status-publish","4":"format-standard","5":"has-post-thumbnail","7":"category-international","8":"tag-action-cac-40","9":"tag-actualites","10":"tag-bourse-de-paris","11":"tag-boursorama","12":"tag-cotations","13":"tag-fr","14":"tag-france","15":"tag-indices-devises","16":"tag-international","17":"tag-investir","18":"tag-investissement","19":"tag-marche-boursier","20":"tag-news","21":"tag-sicav","22":"tag-trackers","23":"tag-warrants","24":"tag-world"},"share_on_mastodon":{"url":"https:\/\/pubeurope.com\/@fr\/115855621234896312","error":""},"_links":{"self":[{"href":"https:\/\/www.europesays.com\/fr\/wp-json\/wp\/v2\/posts\/647820","targetHints":{"allow":["GET"]}}],"collection":[{"href":"https:\/\/www.europesays.com\/fr\/wp-json\/wp\/v2\/posts"}],"about":[{"href":"https:\/\/www.europesays.com\/fr\/wp-json\/wp\/v2\/types\/post"}],"author":[{"embeddable":true,"href":"https:\/\/www.europesays.com\/fr\/wp-json\/wp\/v2\/users\/2"}],"replies":[{"embeddable":true,"href":"https:\/\/www.europesays.com\/fr\/wp-json\/wp\/v2\/comments?post=647820"}],"version-history":[{"count":0,"href":"https:\/\/www.europesays.com\/fr\/wp-json\/wp\/v2\/posts\/647820\/revisions"}],"wp:featuredmedia":[{"embeddable":true,"href":"https:\/\/www.europesays.com\/fr\/wp-json\/wp\/v2\/media\/647821"}],"wp:attachment":[{"href":"https:\/\/www.europesays.com\/fr\/wp-json\/wp\/v2\/media?parent=647820"}],"wp:term":[{"taxonomy":"category","embeddable":true,"href":"https:\/\/www.europesays.com\/fr\/wp-json\/wp\/v2\/categories?post=647820"},{"taxonomy":"post_tag","embeddable":true,"href":"https:\/\/www.europesays.com\/fr\/wp-json\/wp\/v2\/tags?post=647820"}],"curies":[{"name":"wp","href":"https:\/\/api.w.org\/{rel}","templated":true}]}}