{"id":647831,"date":"2026-01-07T20:12:16","date_gmt":"2026-01-07T20:12:16","guid":{"rendered":"https:\/\/www.europesays.com\/fr\/647831\/"},"modified":"2026-01-07T20:12:16","modified_gmt":"2026-01-07T20:12:16","slug":"basket-je-savais-que-jallais-surtout-etre-juge-sur-ma-defense-avoue-isaiah-cozart-linterieur-du-sluc-nancy","status":"publish","type":"post","link":"https:\/\/www.europesays.com\/fr\/647831\/","title":{"rendered":"Basket. \u00ab Je savais que j\u2019allais surtout \u00eatre jug\u00e9 sur ma d\u00e9fense \u00bb, avoue Isaiah Cozart, l\u2019int\u00e9rieur du SLUC Nancy"},"content":{"rendered":"<p>SLUC &#8211; Monaco<\/p>\n<p>Ce samedi, 20h30<\/p>\n<p><strong>Isaiah, racontez-nous quand et pourquoi vous \u00eates venu au basket ?<\/strong><\/p>\n<p>J\u2019ai commenc\u00e9 le basket assez tard. Je dirais vers la fin du coll\u00e8ge. Ou au d\u00e9but du lyc\u00e9e. Franchement, je n\u2019aimais m\u00eame pas sp\u00e9cialement le basket au d\u00e9but, mais mon p\u00e8re a voulu que je m\u2019y mette parce que j\u2019avais grandi tr\u00e8s vite\u2026 Apr\u00e8s \u00e7a, j\u2019ai simplement continu\u00e9, je me suis am\u00e9lior\u00e9, et voil\u00e0 !<\/p>\n<p><strong>Vous avez v\u00e9cu&#8230;<\/strong><\/p>\n","protected":false},"excerpt":{"rendered":"SLUC &#8211; Monaco Ce samedi, 20h30 Isaiah, racontez-nous quand et pourquoi vous \u00eates venu au basket ? J\u2019ai&hellip;\n","protected":false},"author":2,"featured_media":647832,"comment_status":"","ping_status":"","sticky":false,"template":"","format":"standard","meta":{"footnotes":""},"categories":[9635],"tags":[1111,11,1791,1707,1704,1705,1777,674,107,1701,1011,27,775,1702,1703,12,25,11567,517,1700],"class_list":{"0":"post-647831","1":"post","2":"type-post","3":"status-publish","4":"format-standard","5":"has-post-thumbnail","7":"category-nancy","8":"tag-actu","9":"tag-actualites","10":"tag-basket-ball","11":"tag-edition-luneville","12":"tag-edition-nancy-et-agglomeration","13":"tag-edition-toul","14":"tag-eu","15":"tag-europe","16":"tag-fil-info","17":"tag-fil-info-sport","18":"tag-fr","19":"tag-france","20":"tag-grand-est","21":"tag-nancy","22":"tag-nancy-ville-54b","23":"tag-news","24":"tag-republique-francaise","25":"tag-sluc","26":"tag-sport","27":"tag-sport-lorrain"},"share_on_mastodon":{"url":"https:\/\/pubeurope.com\/@fr\/115855644620191278","error":""},"_links":{"self":[{"href":"https:\/\/www.europesays.com\/fr\/wp-json\/wp\/v2\/posts\/647831","targetHints":{"allow":["GET"]}}],"collection":[{"href":"https:\/\/www.europesays.com\/fr\/wp-json\/wp\/v2\/posts"}],"about":[{"href":"https:\/\/www.europesays.com\/fr\/wp-json\/wp\/v2\/types\/post"}],"author":[{"embeddable":true,"href":"https:\/\/www.europesays.com\/fr\/wp-json\/wp\/v2\/users\/2"}],"replies":[{"embeddable":true,"href":"https:\/\/www.europesays.com\/fr\/wp-json\/wp\/v2\/comments?post=647831"}],"version-history":[{"count":0,"href":"https:\/\/www.europesays.com\/fr\/wp-json\/wp\/v2\/posts\/647831\/revisions"}],"wp:featuredmedia":[{"embeddable":true,"href":"https:\/\/www.europesays.com\/fr\/wp-json\/wp\/v2\/media\/647832"}],"wp:attachment":[{"href":"https:\/\/www.europesays.com\/fr\/wp-json\/wp\/v2\/media?parent=647831"}],"wp:term":[{"taxonomy":"category","embeddable":true,"href":"https:\/\/www.europesays.com\/fr\/wp-json\/wp\/v2\/categories?post=647831"},{"taxonomy":"post_tag","embeddable":true,"href":"https:\/\/www.europesays.com\/fr\/wp-json\/wp\/v2\/tags?post=647831"}],"curies":[{"name":"wp","href":"https:\/\/api.w.org\/{rel}","templated":true}]}}