{"id":647836,"date":"2026-01-07T20:16:11","date_gmt":"2026-01-07T20:16:11","guid":{"rendered":"https:\/\/www.europesays.com\/fr\/647836\/"},"modified":"2026-01-07T20:16:11","modified_gmt":"2026-01-07T20:16:11","slug":"un-pieton-percute-par-une-voiture-sur-lautoroute-a709-pres-de-montpellier-les-secours-sur-place-un-important-bouchon-sest-forme","status":"publish","type":"post","link":"https:\/\/www.europesays.com\/fr\/647836\/","title":{"rendered":"Un pi\u00e9ton percut\u00e9 par une voiture sur l\u2019autoroute A709 pr\u00e8s de Montpellier\u00a0: les secours sur place, un important bouchon s\u2019est form\u00e9"},"content":{"rendered":"<p>\n                                                                Un homme qui traversait la chauss\u00e9e \u00e0 pied sur l\u2019autoroute A709, pr\u00e8s de Montpellier, a \u00e9t\u00e9 percut\u00e9 par une voiture ce mercredi 7\u00a0janvier vers 18\u00a0h\u00a030. La victime a surv\u00e9cu au choc, elle est prise en charge par les secours.\n                            <\/p>\n<p>Un pi\u00e9ton a \u00e9t\u00e9 percut\u00e9 par une voiture sur l\u2019autoroute A709, pr\u00e8s de Montpellier, ce mercredi 7\u00a0janvier vers 18\u00a0h\u00a030.<\/p>\n<p>L\u2019homme, habill\u00e9 de sombre, traversait la chauss\u00e9e \u00e0 hauteur de la sortie 29 \u00ab\u00a0Montpellier centre\u00a0\u00bb au moment du choc. Le v\u00e9hicule qui n\u2019a pu l\u2019\u00e9viter s\u2019est arr\u00eat\u00e9 un peu plus loin.<\/p>\n<p>La victime consciente<\/p>\n<p>La victime a fort heureusement surv\u00e9cu \u00e0 la collision. Elle a \u00e9t\u00e9 prise en charge, consciente, par les secours.<\/p>\n<p>Les gendarmes de l\u2019Escadron d\u00e9partemental de contr\u00f4le des flux sont sur place pour proc\u00e9der aux constatations et s\u00e9curiser la zone.<\/p>\n","protected":false},"excerpt":{"rendered":"Un homme qui traversait la chauss\u00e9e \u00e0 pied sur l\u2019autoroute A709, pr\u00e8s de Montpellier, a \u00e9t\u00e9 percut\u00e9 par&hellip;\n","protected":false},"author":2,"featured_media":647837,"comment_status":"","ping_status":"","sticky":false,"template":"","format":"standard","meta":{"footnotes":""},"categories":[9599],"tags":[1111,11,1777,674,118,1011,27,7089,2208,12,2680,25],"class_list":{"0":"post-647836","1":"post","2":"type-post","3":"status-publish","4":"format-standard","5":"has-post-thumbnail","7":"category-montpellier","8":"tag-actu","9":"tag-actualites","10":"tag-eu","11":"tag-europe","12":"tag-faits-divers","13":"tag-fr","14":"tag-france","15":"tag-herault","16":"tag-montpellier","17":"tag-news","18":"tag-occitanie","19":"tag-republique-francaise"},"share_on_mastodon":{"url":"https:\/\/pubeurope.com\/@fr\/115855660452187430","error":""},"_links":{"self":[{"href":"https:\/\/www.europesays.com\/fr\/wp-json\/wp\/v2\/posts\/647836","targetHints":{"allow":["GET"]}}],"collection":[{"href":"https:\/\/www.europesays.com\/fr\/wp-json\/wp\/v2\/posts"}],"about":[{"href":"https:\/\/www.europesays.com\/fr\/wp-json\/wp\/v2\/types\/post"}],"author":[{"embeddable":true,"href":"https:\/\/www.europesays.com\/fr\/wp-json\/wp\/v2\/users\/2"}],"replies":[{"embeddable":true,"href":"https:\/\/www.europesays.com\/fr\/wp-json\/wp\/v2\/comments?post=647836"}],"version-history":[{"count":0,"href":"https:\/\/www.europesays.com\/fr\/wp-json\/wp\/v2\/posts\/647836\/revisions"}],"wp:featuredmedia":[{"embeddable":true,"href":"https:\/\/www.europesays.com\/fr\/wp-json\/wp\/v2\/media\/647837"}],"wp:attachment":[{"href":"https:\/\/www.europesays.com\/fr\/wp-json\/wp\/v2\/media?parent=647836"}],"wp:term":[{"taxonomy":"category","embeddable":true,"href":"https:\/\/www.europesays.com\/fr\/wp-json\/wp\/v2\/categories?post=647836"},{"taxonomy":"post_tag","embeddable":true,"href":"https:\/\/www.europesays.com\/fr\/wp-json\/wp\/v2\/tags?post=647836"}],"curies":[{"name":"wp","href":"https:\/\/api.w.org\/{rel}","templated":true}]}}