{"id":647842,"date":"2026-01-07T20:19:12","date_gmt":"2026-01-07T20:19:12","guid":{"rendered":"https:\/\/www.europesays.com\/fr\/647842\/"},"modified":"2026-01-07T20:19:12","modified_gmt":"2026-01-07T20:19:12","slug":"grenoble-une-conference-au-musee-reunit-quatre-grands-auteurs-de-bd","status":"publish","type":"post","link":"https:\/\/www.europesays.com\/fr\/647842\/","title":{"rendered":"Grenoble. Une conf\u00e9rence au mus\u00e9e r\u00e9unit quatre grands auteurs de BD"},"content":{"rendered":"<p>Dans le cadre de l\u2019exposition sur la bande dessin\u00e9e au Mus\u00e9e de Grenoble, une conf\u00e9rence va r\u00e9unir quatre dessinateurs originaires de la r\u00e9gion. Mathieu Bablet, dont les \u0153uvres \u00e9voquent la science-fiction, cumule les succ\u00e8s en librairie. Notamment gr\u00e2ce \u00e0 son triptyque d\u00e9but\u00e9 avec Shangri-La et Carbone et Silicium et qu\u2019il vient de terminer avec Silent Jenny.<\/p>\n<p>De son c\u00f4t\u00e9, Nicolas Keramidas, apr\u00e8s avoir repris le personnage de Mickey pour Gl\u00e9nat, s\u2019est entich\u00e9 de celui de Picsou.<\/p>\n<p>Laurent Verron a \u00e9galement mis en image un mythe de la bande dessin\u00e9e, Boule et Bill. Mais c\u2019est \u00e0 une h\u00e9ro\u00efne qu\u2019il se consacre d\u00e9sormais. Il vient tout juste de sortir le quatri\u00e8me tome de sa nouvelle s\u00e9rie Mademoiselle J.<\/p>\n<p>C\u00e9cile Becq est autrice et illustratrice principalement pour l\u2019\u00e9dition jeunesse. Son univers est tendre, sensible, po\u00e9tique et color\u00e9.<\/p>\n<p>Enfin, Patrick Corbet sera \u00e9galement autour de la table. Il est l\u2019un des fondateurs de Momie, la librairie sp\u00e9cialis\u00e9e dans la bande dessin\u00e9e, cr\u00e9\u00e9 \u00e0 Grenoble il y a 40 ans. Ensemble, ils \u00e9changeront autour de la cr\u00e9ation, de leurs parcours, de la dynamique locale et de la place grandissante du 9e\u00a0 art dans les institutions culturelles. \u00c0 l\u2019image de cette exposition organis\u00e9e au Mus\u00e9e de Grenoble jusqu\u2019au 19\u00a0avril et qui r\u00e9unit plus de 400 planches majeures de 200 artistes de BD, europ\u00e9ens, am\u00e9ricains et japonais de la collection de Michel-\u00c9douard Leclerc. Plus de 22\u00a0000 personnes ont d\u00e9j\u00e0 vu cette formidable exposition.<\/p>\n<p class=\"note\">Dimanche 11\u00a0janvier \u00e0 15\u00a0h\u00a030 au Mus\u00e9e de Grenoble. Gratuit sur r\u00e9servations.<\/p>\n","protected":false},"excerpt":{"rendered":"Dans le cadre de l\u2019exposition sur la bande dessin\u00e9e au Mus\u00e9e de Grenoble, une conf\u00e9rence va r\u00e9unir quatre&hellip;\n","protected":false},"author":2,"featured_media":647843,"comment_status":"","ping_status":"","sticky":false,"template":"","format":"standard","meta":{"footnotes":""},"categories":[9566],"tags":[1111,11,2430,1687,112,1777,674,1011,27,2731,2732,108,2410,12,25],"class_list":{"0":"post-647842","1":"post","2":"type-post","3":"status-publish","4":"format-standard","5":"has-post-thumbnail","7":"category-grenoble","8":"tag-actu","9":"tag-actualites","10":"tag-auvergne-rhone-alpes","11":"tag-culture-loisirs","12":"tag-edition-grenoble-agglomeration","13":"tag-eu","14":"tag-europe","15":"tag-fr","16":"tag-france","17":"tag-grenoble","18":"tag-grenoble-bassin","19":"tag-isere","20":"tag-livres-bd","21":"tag-news","22":"tag-republique-francaise"},"share_on_mastodon":{"url":"https:\/\/pubeurope.com\/@fr\/115855672508002992","error":""},"_links":{"self":[{"href":"https:\/\/www.europesays.com\/fr\/wp-json\/wp\/v2\/posts\/647842","targetHints":{"allow":["GET"]}}],"collection":[{"href":"https:\/\/www.europesays.com\/fr\/wp-json\/wp\/v2\/posts"}],"about":[{"href":"https:\/\/www.europesays.com\/fr\/wp-json\/wp\/v2\/types\/post"}],"author":[{"embeddable":true,"href":"https:\/\/www.europesays.com\/fr\/wp-json\/wp\/v2\/users\/2"}],"replies":[{"embeddable":true,"href":"https:\/\/www.europesays.com\/fr\/wp-json\/wp\/v2\/comments?post=647842"}],"version-history":[{"count":0,"href":"https:\/\/www.europesays.com\/fr\/wp-json\/wp\/v2\/posts\/647842\/revisions"}],"wp:featuredmedia":[{"embeddable":true,"href":"https:\/\/www.europesays.com\/fr\/wp-json\/wp\/v2\/media\/647843"}],"wp:attachment":[{"href":"https:\/\/www.europesays.com\/fr\/wp-json\/wp\/v2\/media?parent=647842"}],"wp:term":[{"taxonomy":"category","embeddable":true,"href":"https:\/\/www.europesays.com\/fr\/wp-json\/wp\/v2\/categories?post=647842"},{"taxonomy":"post_tag","embeddable":true,"href":"https:\/\/www.europesays.com\/fr\/wp-json\/wp\/v2\/tags?post=647842"}],"curies":[{"name":"wp","href":"https:\/\/api.w.org\/{rel}","templated":true}]}}