{"id":647844,"date":"2026-01-07T20:20:12","date_gmt":"2026-01-07T20:20:12","guid":{"rendered":"https:\/\/www.europesays.com\/fr\/647844\/"},"modified":"2026-01-07T20:20:12","modified_gmt":"2026-01-07T20:20:12","slug":"en-provence-grenoble-les-compositions","status":"publish","type":"post","link":"https:\/\/www.europesays.com\/fr\/647844\/","title":{"rendered":"en-Provence &#8211; Grenoble: Les compositions"},"content":{"rendered":"<p>Compositions Aix-en-Provence \u2013 Grenoble<\/p>\n<p>Retrouvez la composition des \u00e9quipes du match Aix-en-Provence (4e, 46 pts) \u2013 Grenoble (10e, 32 pts), le coup d\u2019envoi est \u00e0 21H00 \u00e0 Aix-en-Provence et le match est \u00e0 suivre en direct \u00e0 la RADIO et\/ou en score live sur notre site ou application<\/p>\n<p class=\"lien-interne-conseil\"><strong>\u00c0 lire aussi<\/strong> | <a href=\"https:\/\/vibrez-rugby.com\/aix-en-provence-grenoble-analyse-des-statistiques-et-pronostics\/\" target=\"_blank\" rel=\"noopener\">Aix-en-Provence \u2013 Grenoble: Analyse des statistiques et pronostics<\/a><\/p>\n<p>Composition: Aix-en-Provence :<\/p>\n<p>(1) Federico Wegrzyn, (2) Kapeli Pifeleti, (3) Malachi Hawkes Faimanifo, (4) Andres Zafra, (5) Izack Rodda, (6) Guillaume Piazzoli, (7) Charly Gambini, (8) Tornike Jalagonia, (9) Arthur Coville, (10) Caleb Muntz, (11) Nadir Bouhedjeur, (12) Pierre Lucas, (13) Setareki Bituniyata, (14) Adrien Lap\u00e8gue, (15) L\u00e9o Drouet, (16) Thomas Sauveterre, (17) S\u00e9bastien Taofifenua, (18) Albert Tuisue, (19) Rapha\u00ebl Portat, (20) Malohi Suta, (21) Joris Cazenave, (22) Thomas Salles, (23) Tomas Francis<\/p>\n<p>Composition Grenoble :<\/p>\n<p>(1) Louis Mary, (2) Romain Ruffenach, (3) Johannes Jonker, (4) Jos\u00e9 Madeira, (5) Josh Thompson, (6) Hanru Sirgel, (7) Thibaut Martel, (8) Mathis Baret, (9) Eric Escande, (10) Sam Davies, (11) Hugo Trouilloud, (12) Romain Trouilloud, (13) Romain Fusier, (14) Nadir Megdoud, (15) Julien Farnoux, (16) Bastien Soury, (17) Giorgi Mamaiashvili, (18) Cameron Holt, (19) Antonin Berruyer, (20) Max Cl\u00e9ment, (21) Julien Heriteau, (22) Giorgi Kveseladze, (23) Cody Thomas<\/p>\n<p class=\"lien-interne-conseil\"><strong>\u00c0 lire aussi<\/strong> | <a href=\"https:\/\/vibrez-rugby.com\/pro-d2-a-quelle-heure-et-sur-quelle-chaine-tv-suivre-aix-en-provence-grenoble\/\" target=\"_blank\" rel=\"noopener\">Pro D2: \u00e0 quelle heure et sur quelle cha\u00eene TV suivre Aix-en-Provence \u2013 Grenoble<\/a><\/p>\n<p><a href=\"https:\/\/vibrez-rugby.com\/application-rugby\/\" target=\"_blank\" rel=\"noopener\"><img loading=\"lazy\" decoding=\"async\" width=\"1024\" height=\"131\" src=\"https:\/\/www.europesays.com\/fr\/wp-content\/uploads\/2025\/08\/CS-application-1024x131.jpg\" alt=\"\" class=\"wp-image-309550\" style=\"width:720px;height:auto\"  \/><\/a>live en direct<img decoding=\"async\" src=\"\" alt=\"\" class=\"team-emblem custom-emblem-local\"\/><img decoding=\"async\" src=\"\" alt=\"\" class=\"team-emblem custom-emblem-visitor\"\/>Actions Composition Face \u00e0 Face<\/p>\n<tr>\u00c9quipe Locale\u00c9quipe Visiteuse<\/tr>\n<p>\u00d7<img decoding=\"async\" class=\"radio-player-logo radio-logo\" src=\"\" alt=\"Radio Logo\"\/><\/p>\n<p>En directSud Radio<\/p>\n<p>Votre navigateur ne supporte pas l\u2019\u00e9l\u00e9ment audio.<\/p>\n<p>live en direct sur Vibrez Rugby. Pronostics, face-\u00e0-face, compositions, statistiques : tout savoir avant le direct. Acc\u00e9dez ensuite \u00e0 notre radio live et\/ou \u00e0 notre score live comment\u00e9 en temps r\u00e9el pour ne rien manquer de l\u2019action.<\/p>\n<p>Comment suivre live en direct ?<\/p>\n<p>Plusieurs options s\u2019offrent \u00e0 vous pour vivre cette rencontre comme si vous y \u00e9tiez. Choisissez celle qui vous convient le mieux en fonction de votre situation.<\/p>\n<p>\u00c0 la radio ou en score live comment\u00e9<\/p>\n<p>Si vous ne pouvez pas regarder le match, \u00e9coutez <strong>live en direct<\/strong> \u00e0 la radio ou suivez notre score live. Chaque action cl\u00e9, essai, p\u00e9nalit\u00e9 et carton est mis \u00e0 jour instantan\u00e9ment pour vous offrir une exp\u00e9rience immersive.<\/p>\n<p>Sur quelle cha\u00eene TV ?<\/p>\n<p>Pour conna\u00eetre l\u2019heure et la cha\u00eene de diffusion TV de <strong>live en direct<\/strong>, consultez notre programme TV complet, mis \u00e0 jour quotidiennement avec les informations des diffuseurs officiels (Top 14, <a href=\"https:\/\/vibrez-rugby.com\/rugby\/pro-d2\/\" target=\"_blank\" rel=\"noopener\">Pro D2<\/a>, Coupe d\u2019Europe, etc.).<\/p>\n<p>Vibrez Rugby : Votre r\u00e9f\u00e9rence pour le rugby en direct<\/p>\n<p>Notre plateforme vous donne acc\u00e8s \u00e0 un large \u00e9ventail de comp\u00e9titions, chaque week-end. Plongez au c\u0153ur de l\u2019action en un seul clic !<\/p>\n<p>Toutes vos comp\u00e9titions pr\u00e9f\u00e9r\u00e9es<\/p>\n<ul>\n<li>XV de France (Masculin, F\u00e9minin, U20)<\/li>\n<li>Coupes d\u2019Europe<\/li>\n<li>Top 14, Pro D2, Nationale, et F\u00e9d\u00e9rales 1 \u00e0 3<\/li>\n<li>Rugby \u00e0 7 (Sevens), \u00c9lite 1 et 2<\/li>\n<\/ul>\n<p><strong>Ne ratez rien de live en direct :<\/strong> suivez le score en live, \u00e9coutez le match \u00e0 la radio et vibrez au rythme des plus grandes rencontres de rugby.<\/p>\n<p>1Articles les plus populaires :<a class=\"bloc-conseille-lien\" href=\"https:\/\/vibrez-rugby.com\/prod2-commission-de-discipline-2-joueurs-un-entraineur-et-un-club-convoques\/\" target=\"_blank\" rel=\"noopener\">\u2192 ProD2: Commission de discipline, 2 joueurs, un entra\u00eeneur et un club convoqu\u00e9s.<\/a><a class=\"bloc-conseille-lien\" href=\"https:\/\/vibrez-rugby.com\/champions-cup-a-quelle-heure-et-sur-quelle-chaine-tv-suivre-saracens-toulouse\/\" target=\"_blank\" rel=\"noopener\">\u2192 Champions Cup: \u00e0 quelle heure et sur quelle cha\u00eene TV suivre Saracens \u2013 Toulouse<\/a><a class=\"bloc-conseille-lien\" href=\"https:\/\/vibrez-rugby.com\/brouillon-automatique-le-deuxieme-ligne-brian-alainuuese-toulon-rejoindra-bayonne-cet-ete\/\" target=\"_blank\" rel=\"noopener\">\u2192 Bayonne : Brian Alainu\u2019uese rejoindra l\u2019Aviron cet \u00e9t\u00e9<\/a><\/p>\n","protected":false},"excerpt":{"rendered":"Compositions Aix-en-Provence \u2013 Grenoble Retrouvez la composition des \u00e9quipes du match Aix-en-Provence (4e, 46 pts) \u2013 Grenoble (10e,&hellip;\n","protected":false},"author":2,"featured_media":647845,"comment_status":"","ping_status":"","sticky":false,"template":"","format":"standard","meta":{"footnotes":""},"categories":[9566],"tags":[1111,11,2430,1777,674,1011,27,2731,12,25],"class_list":{"0":"post-647844","1":"post","2":"type-post","3":"status-publish","4":"format-standard","5":"has-post-thumbnail","7":"category-grenoble","8":"tag-actu","9":"tag-actualites","10":"tag-auvergne-rhone-alpes","11":"tag-eu","12":"tag-europe","13":"tag-fr","14":"tag-france","15":"tag-grenoble","16":"tag-news","17":"tag-republique-francaise"},"share_on_mastodon":{"url":"https:\/\/pubeurope.com\/@fr\/115855676257034122","error":""},"_links":{"self":[{"href":"https:\/\/www.europesays.com\/fr\/wp-json\/wp\/v2\/posts\/647844","targetHints":{"allow":["GET"]}}],"collection":[{"href":"https:\/\/www.europesays.com\/fr\/wp-json\/wp\/v2\/posts"}],"about":[{"href":"https:\/\/www.europesays.com\/fr\/wp-json\/wp\/v2\/types\/post"}],"author":[{"embeddable":true,"href":"https:\/\/www.europesays.com\/fr\/wp-json\/wp\/v2\/users\/2"}],"replies":[{"embeddable":true,"href":"https:\/\/www.europesays.com\/fr\/wp-json\/wp\/v2\/comments?post=647844"}],"version-history":[{"count":0,"href":"https:\/\/www.europesays.com\/fr\/wp-json\/wp\/v2\/posts\/647844\/revisions"}],"wp:featuredmedia":[{"embeddable":true,"href":"https:\/\/www.europesays.com\/fr\/wp-json\/wp\/v2\/media\/647845"}],"wp:attachment":[{"href":"https:\/\/www.europesays.com\/fr\/wp-json\/wp\/v2\/media?parent=647844"}],"wp:term":[{"taxonomy":"category","embeddable":true,"href":"https:\/\/www.europesays.com\/fr\/wp-json\/wp\/v2\/categories?post=647844"},{"taxonomy":"post_tag","embeddable":true,"href":"https:\/\/www.europesays.com\/fr\/wp-json\/wp\/v2\/tags?post=647844"}],"curies":[{"name":"wp","href":"https:\/\/api.w.org\/{rel}","templated":true}]}}