{"id":647856,"date":"2026-01-07T20:26:16","date_gmt":"2026-01-07T20:26:16","guid":{"rendered":"https:\/\/www.europesays.com\/fr\/647856\/"},"modified":"2026-01-07T20:26:16","modified_gmt":"2026-01-07T20:26:16","slug":"un-ancien-proche-de-christian-estrosi-a-nice-et-haut-fonctionnaire-rejoint-eric-ciotti","status":"publish","type":"post","link":"https:\/\/www.europesays.com\/fr\/647856\/","title":{"rendered":"un ancien proche de Christian Estrosi \u00e0 Nice et haut fonctionnaire rejoint \u00c9ric Ciotti"},"content":{"rendered":"<p>\n    <strong>INFO LE FIGARO &#8211;<\/strong> L\u2019ex-directeur g\u00e9n\u00e9ral des services de Nice, Olivier Breuilly, revient sur la promenade des Anglais pour mener campagne contre son ancien patron&#8230; dans le camp de son plus grand rival.<\/p>\n<p class=\"fig-paragraph\">L\u2019ancien directeur g\u00e9n\u00e9ral des services de Nice, Olivier Breuilly, ex-membre de la garde rapproch\u00e9e de\u00a0<a href=\"http:\/\/www.lefigaro.fr\/nice\/municipales-2026-a-nice-christian-estrosi-lance-officiellement-sa-campagne-lors-d-une-grande-reunion-publique-20251122\" data-fig-type=\"NewsFlash\" data-gtm-custom-categorie=\"navigation\" data-gtm-custom-action=\"crossclick\" data-gtm-custom-label=\"Contextuel\" data-gtm-event=\"customEventSPE\" data-fig-domain=\"LEFIGARO\" target=\"_blank\" rel=\"noopener\">Christian Estrosi<\/a>, va rejoindre la campagne et la liste de son grand rival\u00a0<a href=\"http:\/\/www.lefigaro.fr\/politique\/l-avenement-de-l-union-des-droites-apres-son-alliance-avec-le-rn-eric-ciotti-veut-transformer-l-essai-20251229\" data-fig-type=\"Article\" data-gtm-custom-categorie=\"navigation\" data-gtm-custom-action=\"crossclick\" data-gtm-custom-label=\"Contextuel\" data-gtm-event=\"customEventSPE\" data-fig-domain=\"LEFIGARO\" target=\"_blank\" rel=\"noopener\">\u00c9ric Ciotti<\/a>, a appris Le Figaro de sources concordantes. Le haut fonctionnaire sera charg\u00e9 des Finances dans l\u2019\u00e9quipe \u00abciottiste\u00bb, qui est d\u00e9voil\u00e9e au fil des semaines \u00e0 l\u2019approche des \u00e9lections municipales de mars.<\/p>\n<p class=\"fig-paragraph\">C\u2019est un retour \u00e0 Nice (Alpes-Maritimes) pour le moins inattendu et une prise importante pour\u00a0<a href=\"http:\/\/www.lefigaro.fr\/nice\/municipales-a-nice-eric-ciotti-indique-que-sa-liste-n-aura-pas-d-etiquette-politique-ni-le-logo-du-rn-20251125\" data-fig-type=\"NewsFlash\" data-gtm-custom-categorie=\"navigation\" data-gtm-custom-action=\"crossclick\" data-gtm-custom-label=\"Contextuel\" data-gtm-event=\"customEventSPE\" data-fig-domain=\"LEFIGARO\" target=\"_blank\" rel=\"noopener\">le d\u00e9put\u00e9 UDR, alli\u00e9 du RN<\/a>, dans cette course effr\u00e9n\u00e9e et fratricide \u00e0 l\u2019h\u00f4tel de ville du bord de la baie des Anges. Olivier Breuilly (51 ans), arriv\u00e9 en mars 2022, avait subitement quitt\u00e9 ses fonctions ni\u00e7oises en juin 2024, pas forc\u00e9ment en bons termes avec Christian Estrosi et son entourage, notamment\u00a0<a href=\"http:\/\/www.lefigaro.fr\/nice\/a-nice-le-tout-puissant-couple-borre-derriere-christian-estrosi-20230630\" data-fig-type=\"Article\" data-gtm-custom-categorie=\"navigation\" data-gtm-custom-action=\"crossclick\" data-gtm-custom-label=\"Contextuel\" data-gtm-event=\"customEventSPE\" data-fig-domain=\"LEFIGARO\" target=\"_blank\" rel=\"noopener\">son premier adjoint<\/a>\u00a0et son directeur de cabinet de l\u2019\u00e9poque.<\/p>\n<p class=\"fig-paragraph\">C\u2019est aussi l\u2019ex-DGS, au nom de la m\u00e9tropole, qui avait signal\u00e9 \u00e0 la justice sous la forme d\u2019un article 40 des suspicions de malversations financi\u00e8res\u2026<\/p>\n<p class=\"fig-premium-paywall__infos\">\n        Cet article est r\u00e9serv\u00e9 aux abonn\u00e9s.        Il vous reste 73% \u00e0 d\u00e9couvrir.\n    <\/p>\n<p>                <img  data- alt=\"Le Figaro\" class=\"fig-img--complete fig-img\"\/><\/p>\n<p class=\"fig-premium-paywall__title\">Vous avez envie de lire la suite ?<\/p>\n<p class=\"fig-premium-paywall__subtitle\">D\u00e9bloquez tous les articles imm\u00e9diatement.<\/p>\n<p class=\"fig-premium-paywall__connect\">\n                D\u00e9j\u00e0 abonn\u00e9\u00a0?                <a class=\"fig-premium-paywall__connect-link\" href=\"https:\/\/connect.lefigaro.fr\/login?client=horizon_web&amp;type=main&amp;redirect_uri=https%3A%2F%2Fwww.lefigaro.fr%2Fnice%2Fmunicipales-2026-un-ancien-proche-de-christian-estrosi-a-nice-et-haut-fonctionnaire-rejoint-eric-ciotti-20260107\" data-js-gtm=\"{&quot;customCategorie&quot;: &quot;conversion&quot;, &quot;customAction&quot;: &quot;before_Landing_Connexion_paywall_auto&quot;, &quot;customLabel&quot;: &quot;bGVmaWdhcm8uZnJfXzFmMGViYmZkLTRlYWYtNjAyMC04NjcyLTVkNjMwN2NjNzJhYl9fTmV3c0ZsYXNo_Municipales 2026\u00a0: un ancien proche de Christian Estrosi \u00e0 Nice et haut fonctionnaire rejoint \u00c9ric Ciotti_146&quot;, &quot;customIDSPE&quot;: &quot;bGVmaWdhcm8uZnJfXzFmMGViYmZkLTRlYWYtNjAyMC04NjcyLTVkNjMwN2NjNzJhYl9fTmV3c0ZsYXNo&quot;, &quot;event&quot;: &quot;customEventSPE&quot;}\" target=\"_blank\" rel=\"noopener\"><br \/>\n                    Connectez-vous<br \/>\n                <\/a>\n            <\/p>\n","protected":false},"excerpt":{"rendered":"INFO LE FIGARO &#8211; L\u2019ex-directeur g\u00e9n\u00e9ral des services de Nice, Olivier Breuilly, revient sur la promenade des Anglais&hellip;\n","protected":false},"author":2,"featured_media":647857,"comment_status":"","ping_status":"","sticky":false,"template":"","format":"standard","meta":{"footnotes":""},"categories":[2819],"tags":[1111,11,2397,6537,1777,674,1011,27,3554,12,2401,882,25],"class_list":{"0":"post-647856","1":"post","2":"type-post","3":"status-publish","4":"format-standard","5":"has-post-thumbnail","7":"category-nice","8":"tag-actu","9":"tag-actualites","10":"tag-christian-estrosi","11":"tag-eric-ciotti","12":"tag-eu","13":"tag-europe","14":"tag-fr","15":"tag-france","16":"tag-municipales","17":"tag-news","18":"tag-nice","19":"tag-provence-alpes-cote-dazur","20":"tag-republique-francaise"},"share_on_mastodon":{"url":"https:\/\/pubeurope.com\/@fr\/115855699863074707","error":""},"_links":{"self":[{"href":"https:\/\/www.europesays.com\/fr\/wp-json\/wp\/v2\/posts\/647856","targetHints":{"allow":["GET"]}}],"collection":[{"href":"https:\/\/www.europesays.com\/fr\/wp-json\/wp\/v2\/posts"}],"about":[{"href":"https:\/\/www.europesays.com\/fr\/wp-json\/wp\/v2\/types\/post"}],"author":[{"embeddable":true,"href":"https:\/\/www.europesays.com\/fr\/wp-json\/wp\/v2\/users\/2"}],"replies":[{"embeddable":true,"href":"https:\/\/www.europesays.com\/fr\/wp-json\/wp\/v2\/comments?post=647856"}],"version-history":[{"count":0,"href":"https:\/\/www.europesays.com\/fr\/wp-json\/wp\/v2\/posts\/647856\/revisions"}],"wp:featuredmedia":[{"embeddable":true,"href":"https:\/\/www.europesays.com\/fr\/wp-json\/wp\/v2\/media\/647857"}],"wp:attachment":[{"href":"https:\/\/www.europesays.com\/fr\/wp-json\/wp\/v2\/media?parent=647856"}],"wp:term":[{"taxonomy":"category","embeddable":true,"href":"https:\/\/www.europesays.com\/fr\/wp-json\/wp\/v2\/categories?post=647856"},{"taxonomy":"post_tag","embeddable":true,"href":"https:\/\/www.europesays.com\/fr\/wp-json\/wp\/v2\/tags?post=647856"}],"curies":[{"name":"wp","href":"https:\/\/api.w.org\/{rel}","templated":true}]}}