{"id":647878,"date":"2026-01-07T20:37:15","date_gmt":"2026-01-07T20:37:15","guid":{"rendered":"https:\/\/www.europesays.com\/fr\/647878\/"},"modified":"2026-01-07T20:37:15","modified_gmt":"2026-01-07T20:37:15","slug":"ceme-acquiert-ovalt-et-renforce-son-offre-dediee-aux-industriels","status":"publish","type":"post","link":"https:\/\/www.europesays.com\/fr\/647878\/","title":{"rendered":"CEME acquiert OVALT et renforce son offre d\u00e9di\u00e9e aux industriels"},"content":{"rendered":"<p>                                                        <img loading=\"lazy\" decoding=\"async\" width=\"1160\" height=\"610\" src=\"data:image\/svg+xml,%3Csvg%20xmlns=\" http:=\"\" class=\"thumb img-responsive m-x-auto block w-full\" alt=\"lyon entreprises ceme\" caption=\"\" data-lazy-src=\"https:\/\/www.europesays.com\/fr\/wp-content\/uploads\/2026\/01\/lyon-entreprises.jpg\"\/><\/p>\n<p class=\"ez-toc-title ez-toc-toggle\" style=\"cursor: pointer\">Sommaire &amp; acc\u00e8s rapide<\/p>\n<p><a href=\"#\" class=\"ez-toc-pull-right ez-toc-btn ez-toc-btn-xs ez-toc-btn-default ez-toc-toggle\" aria-label=\"Toggle Table of Content\">Toggle<\/a><\/p>\n<p><strong>Le groupe CEME annonce l\u2019acquisition du groupe OVALT, sp\u00e9cialiste du process industriel et des solutions technologiques pour l\u2019industrie. Cette op\u00e9ration s\u2019inscrit dans une strat\u00e9gie de d\u00e9veloppement \u00e0 long terme visant \u00e0 \u00e9largir l\u2019offre du groupe tout en consolidant son ancrage territorial et son positionnement aupr\u00e8s des clients industriels.<\/strong><\/p>\n<p>Un rapprochement entre deux ETI aux expertises compl\u00e9mentaires<\/p>\n<p>Entreprise nationale de r\u00e9f\u00e9rence dans le g\u00e9nie \u00e9lectrique, climatique et la maintenance, CEME poursuit sa trajectoire de croissance avec l\u2019acquisition d\u2019OVALT. Cr\u00e9\u00e9 en 1975 et bas\u00e9 en Bretagne, le groupe OVALT accompagne les industriels sur la conception et le pilotage des op\u00e9rations, la performance des \u00e9quipements ainsi que la valorisation et la s\u00e9curisation des donn\u00e9es industrielles.<\/p>\n<p>Dirig\u00e9 par Vincent Rault, OVALT r\u00e9alise un chiffre d\u2019affaires de 63 millions d\u2019euros et emploie pr\u00e8s de 500 collaborateurs r\u00e9partis sur trois sites industriels. Cette int\u00e9gration permet \u00e0 CEME d\u2019enrichir son offre \u00e0 destination des industriels et de renforcer sa pr\u00e9sence en Bretagne et dans le grand Ouest.<\/p>\n<p>OVALT, t\u00eate de pont du process industriel au sein de CEME<\/p>\n<p>\u00c0 l\u2019issue de l\u2019op\u00e9ration, OVALT devient la structure de r\u00e9f\u00e9rence du groupe CEME pour les m\u00e9tiers du process industriel. Le p\u00e9rim\u00e8tre d\u2019expertise couvre notamment l\u2019automatisme, la supervision, les syst\u00e8mes MES, le data management, la robotique et la cybers\u00e9curit\u00e9 des installations industrielles.<\/p>\n<p>Le rapprochement vise \u00e9galement \u00e0 proposer des solutions int\u00e9gr\u00e9es associant b\u00e2timent, utilit\u00e9s, lignes de production et syst\u00e8mes d\u2019informations industriels, avec une approche allant du compteur jusqu\u2019au c\u0153ur du process.<\/p>\n<p>Un groupe en forte dynamique de croissance<\/p>\n<p>Avec cette acquisition, le groupe CEME comptera pr\u00e8s de 1 500 salari\u00e9s r\u00e9partis au sein de 28 entit\u00e9s op\u00e9rationnelles sur l\u2019ensemble du territoire fran\u00e7ais. Le groupe vise un chiffre d\u2019affaires consolid\u00e9 de 280 millions d\u2019euros en 2026.<\/p>\n<p>Cette op\u00e9ration est la huiti\u00e8me r\u00e9alis\u00e9e par CEME depuis 2021, apr\u00e8s notamment l\u2019acquisition de Technichauffe en 2025. Elle s\u2019inscrit dans la continuit\u00e9 de l\u2019entr\u00e9e \u00e0 son capital, en 2022, de Seven2, acteur du capital-investissement en Europe.<\/p>\n<p>Un projet align\u00e9 avec le plan strat\u00e9gique \u00ab Boost 2026 \u00bb<\/p>\n<p>L\u2019acquisition d\u2019OVALT s\u2019inscrit pleinement dans le plan strat\u00e9gique \u00ab Boost 2026 \u00bb de CEME. Celui-ci vise \u00e0 fid\u00e9liser et d\u00e9velopper la client\u00e8le industrielle et tertiaire, renforcer l\u2019ancrage territorial du groupe, se positionner sur les transitions \u00e9nerg\u00e9tique, num\u00e9rique et industrielle, et am\u00e9liorer l\u2019efficacit\u00e9 op\u00e9rationnelle.<\/p>\n<p>La r\u00e9alisation de l\u2019op\u00e9ration, pr\u00e9vue pour d\u00e9but 2026, reste soumise \u00e0 l\u2019obtention des autorisations r\u00e9glementaires requises.<\/p>\n","protected":false},"excerpt":{"rendered":"Sommaire &amp; acc\u00e8s rapide Toggle Le groupe CEME annonce l\u2019acquisition du groupe OVALT, sp\u00e9cialiste du process industriel et&hellip;\n","protected":false},"author":2,"featured_media":647879,"comment_status":"","ping_status":"","sticky":false,"template":"","format":"standard","meta":{"footnotes":""},"categories":[1889],"tags":[1111,11,2430,1777,674,1011,27,2428,12,25],"class_list":{"0":"post-647878","1":"post","2":"type-post","3":"status-publish","4":"format-standard","5":"has-post-thumbnail","7":"category-lyon","8":"tag-actu","9":"tag-actualites","10":"tag-auvergne-rhone-alpes","11":"tag-eu","12":"tag-europe","13":"tag-fr","14":"tag-france","15":"tag-lyon","16":"tag-news","17":"tag-republique-francaise"},"share_on_mastodon":{"url":"https:\/\/pubeurope.com\/@fr\/115855743045763867","error":""},"_links":{"self":[{"href":"https:\/\/www.europesays.com\/fr\/wp-json\/wp\/v2\/posts\/647878","targetHints":{"allow":["GET"]}}],"collection":[{"href":"https:\/\/www.europesays.com\/fr\/wp-json\/wp\/v2\/posts"}],"about":[{"href":"https:\/\/www.europesays.com\/fr\/wp-json\/wp\/v2\/types\/post"}],"author":[{"embeddable":true,"href":"https:\/\/www.europesays.com\/fr\/wp-json\/wp\/v2\/users\/2"}],"replies":[{"embeddable":true,"href":"https:\/\/www.europesays.com\/fr\/wp-json\/wp\/v2\/comments?post=647878"}],"version-history":[{"count":0,"href":"https:\/\/www.europesays.com\/fr\/wp-json\/wp\/v2\/posts\/647878\/revisions"}],"wp:featuredmedia":[{"embeddable":true,"href":"https:\/\/www.europesays.com\/fr\/wp-json\/wp\/v2\/media\/647879"}],"wp:attachment":[{"href":"https:\/\/www.europesays.com\/fr\/wp-json\/wp\/v2\/media?parent=647878"}],"wp:term":[{"taxonomy":"category","embeddable":true,"href":"https:\/\/www.europesays.com\/fr\/wp-json\/wp\/v2\/categories?post=647878"},{"taxonomy":"post_tag","embeddable":true,"href":"https:\/\/www.europesays.com\/fr\/wp-json\/wp\/v2\/tags?post=647878"}],"curies":[{"name":"wp","href":"https:\/\/api.w.org\/{rel}","templated":true}]}}