{"id":647884,"date":"2026-01-07T20:41:12","date_gmt":"2026-01-07T20:41:12","guid":{"rendered":"https:\/\/www.europesays.com\/fr\/647884\/"},"modified":"2026-01-07T20:41:12","modified_gmt":"2026-01-07T20:41:12","slug":"sarah-knafo-candidate-aux-elections-municipales-de-la-capitale","status":"publish","type":"post","link":"https:\/\/www.europesays.com\/fr\/647884\/","title":{"rendered":"Sarah Knafo candidate aux \u00e9lections municipales de la capitale"},"content":{"rendered":"<p class=\"article-p mdl\">Fini les seconds r\u00f4les derri\u00e8re Eric Zemmour, ami de longue date de son p\u00e8re, \u00e0 la pr\u00e9sidentielle, puis Marion Mar\u00e9chal aux europ\u00e9ennes. C\u2019est face \u00e0 Gilles Bouleau, au journal de 20 heures de TF1, que l&rsquo;\u00e9lue d&rsquo;extr\u00eame droite\u00a0<a class=\"link\" href=\"https:\/\/www.rtl.fr\/actu\/politique\/passer-de-200-a-5-000-euros-d-amende-sur-rtl-sarah-knafo-appelle-a-des-sanctions-dissuasives-pour-les-consommateurs-de-drogue-7900570311\" title=\"&quot;Passer de 200 \u00e0 5.000 euros d&#039;amende&quot; : sur RTL, Sarah Knafo appelle \u00e0 des sanctions &quot;dissuasives&quot; pour les consommateurs de drogue\" target=\"_blank\" rel=\"noopener\">Sarah Knafo<\/a>\u00a0a officialis\u00e9 sa candidature. \u00ab\u00a0Je suis candidate pour \u00eatre la prochaine maire de Paris\u00a0\u00bb, a-t-elle affirm\u00e9, assurant vouloir \u00ab\u00a0servir les Parisiens\u00a0\u00bb. La d\u00e9put\u00e9e europ\u00e9enne Reconqu\u00eate ! a dit incarner une alternative radicale \u00e0 l\u2019actuelle majorit\u00e9 municipale, promettant un programme in\u00e9dit et une d\u00e9termination sans faille pour \u00ab\u00a0mettre fin \u00e0 la gabegie \u00e0 Paris\u00a0\u00bb, pour celle qui a qualifi\u00e9 le RN de \u00ab\u00a0socialiste\u00a0\u00bb.<\/p>\n<p class=\"article-p mdl\">Dans la foul\u00e9e de l\u2019interview, elle a partag\u00e9 sur son compte X un extrait de son intervention, revenant sur son parcours personnel et son attachement \u00e0 la capitale. Originaire de Seine-Saint-Denis, elle a expliqu\u00e9 que Paris repr\u00e9sentait, dans son enfance, \u00ab\u00a0presque un autre pays, plus grand, plus libre\u00a0\u00bb. Un r\u00eave devenir \u00ab\u00a0Parisienne\u00a0\u00bb devenu r\u00e9alit\u00e9, a-t-elle livr\u00e9, aujourd\u2019hui terni par le d\u00e9clin qu\u2019elle a observ\u00e9 dans la ville.<\/p>\n<p>    La fin de l&rsquo;audiovisuel public<\/p>\n<p class=\"article-p mdl\">Seule \u00e9lue nationale de son parti, elle a affich\u00e9 son large sourire sur toutes les cha\u00eenes info, pour y d\u00e9fendre la suppression des droits de succession, la retraite par capitalisation et la privatisation de l&rsquo;audiovisuel public. Pendant que son mentor et compagnon sillonne le pays pour d\u00e9dicacer son dernier livre, c&rsquo;est encore elle qui multiplie les unes de Valeurs Actuelles et du JDNews, nouveau magazine de l&#8217;empire Bollor\u00e9.\u00a0<\/p>\n<p class=\"article-p mdl\">Les m\u00e9dias du milliardaire conservateur breton, d\u00e9j\u00e0 fer de lance de l&rsquo;aventure Zemmour en 2022, orchestrent pareillement le ph\u00e9nom\u00e8ne Knafo. Autant que possible: r\u00e9cemment, Pascal Praud a m\u00eame d\u00fb lui demander de quitter le plateau de CNews, car elle y avait \u00e9puis\u00e9 son temps de parole.\u00a0<\/p>\n<p class=\"article-p mdl\">Visage avenant d&rsquo;un lib\u00e9ralisme d\u00e9complex\u00e9, moins associ\u00e9e aux obsessions identitaires &#8211; et aux condamnations &#8211; de son conjoint, elle est aujourd&rsquo;hui apparue mieux plac\u00e9e pour incarner cette \u00ab\u00a0union des droites\u00a0\u00bb dont r\u00eavent aussi ses sponsors. Pas un hasard donc si elle a clos en vedette fin novembre la grand-messe du JDD, o\u00f9 l&rsquo;avaient pr\u00e9c\u00e9d\u00e9 Philippe de Villiers et David Lisnard. Pas innocent non plus quand Laurent Wauquiez pousse l&rsquo;id\u00e9e d&rsquo;une primaire \u00ab\u00a0de Darmanin \u00e0 Knafo\u00a0\u00bb pour d\u00e9signer un candidat commun en 2027.\u00a0<\/p>\n<p>            S\u00e9curit\u00e9, propret\u00e9, finances : un diagnostic s\u00e9v\u00e8re<\/p>\n<p class=\"article-p mdl\">L&rsquo;\u00e9lue a dress\u00e9 un constat alarmiste de la situation parisienne. Elle a \u00e9voqu\u00e9 \u00ab\u00a0la femme qui a peur dans la rue\u00a0\u00bb, une dette municipale \u00ab\u00a0qui explose\u00a0\u00bb, des imp\u00f4ts \u00ab\u00a0qui augmentent\u00a0\u00bb et une capitale devenue selon elle \u00ab\u00a0sale et insalubre\u00a0\u00bb. Face \u00e0 ce tableau, la candidate a estim\u00e9 que \u00ab\u00a0l\u2019urgence est \u00e0 l\u2019action\u00a0\u00bb et dit vouloir redonner \u00e0 Paris son attractivit\u00e9 et sa qualit\u00e9 de vie.<\/p>\n<p class=\"article-p mdl\">Sur TF1, elle a martel\u00e9 sa volont\u00e9 de \u00ab\u00a0faire de Paris une ville heureuse\u00a0\u00bb, une formule qu\u2019elle a \u00e9rig\u00e9 en fil conducteur de sa candidature, tout en d\u00e9non\u00e7ant une ville \u00ab\u00a0qui d\u00e9cline\u00a0\u00bb.<\/p>\n<p>            Un programme ax\u00e9 sur l&rsquo;\u00e9conomie<\/p>\n<p class=\"article-p mdl\">Si son programme d\u00e9taill\u00e9 doit \u00eatre publi\u00e9 \u00ab\u00a0dans les prochains jours\u00a0\u00bb, Sarah Knafo en a d\u00e9j\u00e0 esquiss\u00e9 les grandes lignes. Elle a promis un plan d\u2019\u00e9conomies de pr\u00e8s de 10 milliards d\u2019euros et souhaite diviser par deux la taxe fonci\u00e8re pour l\u2019ensemble des Parisiens. Autre proposition : celle d&rsquo;instaurer au moins deux r\u00e9f\u00e9rendums par an, affirmant vouloir devenir \u00ab\u00a0la maire la plus d\u00e9mocratique que Paris ait connue\u00a0\u00bb.<\/p>\n<p>Les \u00e9lections municipales se tiendront les 15 et 22 mars 2026. Avec cette annonce, Sarah Knafo devient la sixi\u00e8me candidate d\u00e9clar\u00e9e dans une course qui s\u2019annonce d\u00e9j\u00e0 tr\u00e8s disput\u00e9e.<\/p>\n<p>    Un parcours aux c\u00f4t\u00e9s de la droite<\/p>\n<p class=\"article-p mdl\">\u00c2g\u00e9e de 32 ans, Sarah Knafo est dipl\u00f4m\u00e9e de Panth\u00e9on-Sorbonne, de Sciences Po et de l\u2019ENA. Elle est devenue magistrate \u00e0 la Cour des comptes en 2020. Deux ans plus tard, elle a dirig\u00e9\u00a0<a class=\"link\" href=\"https:\/\/www.rtl.fr\/actu\/politique\/resultats-presidentielle-2022-eric-zemmour-obtient-6-8-des-suffrages-7900143314\" target=\"_blank\" rel=\"noopener\">la campagne pr\u00e9sidentielle d\u2019\u00c9ric Zemmour<\/a>, dont elle est la compagne et l\u2019une des principales conseill\u00e8res.<\/p>\n<p>Aux \u00e9lections europ\u00e9ennes de 2024, elle est \u00e9lue d\u00e9put\u00e9e europ\u00e9enne sur la liste Reconqu\u00eate ! men\u00e9e par Marion Mar\u00e9chal. Elle a alors si\u00e9g\u00e9 au sein du groupe L\u2019Europe des nations souveraines au Parlement europ\u00e9en.\u00a0<\/p>\n<p>Rel\u00e9gu\u00e9e \u00e0 Bruxelles dans le petit groupe des sulfureux Allemands de l&rsquo;AfD, marginale dans l&rsquo;Hexagone quand elle a revendiqu\u00e9 ses affinit\u00e9s trumpistes, la pr\u00e9tendante de Reconqu\u00eate peut encore esp\u00e9rer se rabibocher avec Jordan Bardella. Les deux ont quelques point communs: m\u00eame banlieue d&rsquo;origine, m\u00eame g\u00e9n\u00e9ration, m\u00eame initiation nationaliste \u00e0 Saint-Germain-des-Pr\u00e9s, dans les tr\u00e8s droitiers bars de la rue des Canettes. Une bonne base pour convoler, \u00e0 condition d&rsquo;\u00e9viter les noms d&rsquo;oiseaux.\u00a0<\/p>\n<p>En se lan\u00e7ant dans la bataille municipale parisienne, Sarah Knafo a franchi une nouvelle \u00e9tape politique, avec l\u2019ambition affich\u00e9e de conqu\u00e9rir l\u2019H\u00f4tel de Ville.<\/p>\n<p>    La r\u00e9daction vous recommande<\/p>\n<p class=\"s-newsletter__title\">\n                L\u2019actualit\u00e9 par la r\u00e9daction de RTL dans votre bo\u00eete mail.\n            <\/p>\n<p class=\"s-newsletter__subtitle\">\n                Gr\u00e2ce \u00e0 votre compte RTL abonnez-vous \u00e0 la newsletter RTL info pour suivre toute l&rsquo;actualit\u00e9 au quotidien\n            <\/p>\n<p>\n                                    Lire la suite\n                                <\/p>\n","protected":false},"excerpt":{"rendered":"Fini les seconds r\u00f4les derri\u00e8re Eric Zemmour, ami de longue date de son p\u00e8re, \u00e0 la pr\u00e9sidentielle, puis&hellip;\n","protected":false},"author":2,"featured_media":647885,"comment_status":"","ping_status":"","sticky":false,"template":"","format":"standard","meta":{"footnotes":""},"categories":[1888],"tags":[1111,1928,11,1927,4188,1777,674,1076,107,1011,27,12,1926,626,1925,316,25],"class_list":{"0":"post-647884","1":"post","2":"type-post","3":"status-publish","4":"format-standard","5":"has-post-thumbnail","7":"category-paris","8":"tag-actu","9":"tag-actu-paris","10":"tag-actualites","11":"tag-actualites-paris","12":"tag-elections-municipales","13":"tag-eu","14":"tag-europe","15":"tag-extreme-droite","16":"tag-fil-info","17":"tag-fr","18":"tag-france","19":"tag-news","20":"tag-news-paris","21":"tag-paris","22":"tag-paris-news","23":"tag-politique","24":"tag-republique-francaise"},"share_on_mastodon":{"url":"https:\/\/pubeurope.com\/@fr\/115855758759673468","error":""},"_links":{"self":[{"href":"https:\/\/www.europesays.com\/fr\/wp-json\/wp\/v2\/posts\/647884","targetHints":{"allow":["GET"]}}],"collection":[{"href":"https:\/\/www.europesays.com\/fr\/wp-json\/wp\/v2\/posts"}],"about":[{"href":"https:\/\/www.europesays.com\/fr\/wp-json\/wp\/v2\/types\/post"}],"author":[{"embeddable":true,"href":"https:\/\/www.europesays.com\/fr\/wp-json\/wp\/v2\/users\/2"}],"replies":[{"embeddable":true,"href":"https:\/\/www.europesays.com\/fr\/wp-json\/wp\/v2\/comments?post=647884"}],"version-history":[{"count":0,"href":"https:\/\/www.europesays.com\/fr\/wp-json\/wp\/v2\/posts\/647884\/revisions"}],"wp:featuredmedia":[{"embeddable":true,"href":"https:\/\/www.europesays.com\/fr\/wp-json\/wp\/v2\/media\/647885"}],"wp:attachment":[{"href":"https:\/\/www.europesays.com\/fr\/wp-json\/wp\/v2\/media?parent=647884"}],"wp:term":[{"taxonomy":"category","embeddable":true,"href":"https:\/\/www.europesays.com\/fr\/wp-json\/wp\/v2\/categories?post=647884"},{"taxonomy":"post_tag","embeddable":true,"href":"https:\/\/www.europesays.com\/fr\/wp-json\/wp\/v2\/tags?post=647884"}],"curies":[{"name":"wp","href":"https:\/\/api.w.org\/{rel}","templated":true}]}}