{"id":647886,"date":"2026-01-07T20:42:14","date_gmt":"2026-01-07T20:42:14","guid":{"rendered":"https:\/\/www.europesays.com\/fr\/647886\/"},"modified":"2026-01-07T20:42:14","modified_gmt":"2026-01-07T20:42:14","slug":"municipales-2026-a-paris-sarah-knafo-officialise-sa-candidature","status":"publish","type":"post","link":"https:\/\/www.europesays.com\/fr\/647886\/","title":{"rendered":"Municipales 2026 \u00e0 Paris : Sarah Knafo officialise sa candidature"},"content":{"rendered":"<p class=\"mb-4 text-lg md:leading-8 break-words\">La candidature de Thierry Mariani, jug\u00e9e fragile, lui offrait une br\u00e8che. Difficile de ne pas s\u2019y engouffrer. Et m\u00eame si elle a longuement entretenu le flou, sa d\u00e9cision est prise depuis longtemps. La voil\u00e0 d\u00e9sormais officielle : <a data-i13n=\"cpos:1;pos:1\" href=\"https:\/\/www.parismatch.com\/actu\/politique\/info-paris-match-reconquete-a-investi-ses-577-candidats-aux-legislatives-258779\" rel=\"nofollow noopener\" target=\"_blank\" data-ylk=\"slk:Sarah Knafo;cpos:1;pos:1;elm:context_link;itc:0;sec:content-canvas\" class=\"link \">Sarah Knafo<\/a>, l\u2019unique d\u00e9put\u00e9 du parti Reconqu\u00eate au Conseil europ\u00e9en, sera candidate \u00e0 la mairie de Paris lors de l\u2019\u00e9lection municipale.<\/p>\n<p class=\"mb-4 text-lg md:leading-8 break-words\">Invit\u00e9e du 20H de TF1, elle a indiqu\u00e9 vouloir \u00ab redresser Paris, la plus belle ville du monde \u00bb. \u00ab Je ne suis pas une Parisienne de naissance, je viens de Seine-Saint-Denis. Quand j\u2019\u00e9tais petite, mon r\u00eave \u00e9tait de devenir Parisienne. Aujourd\u2019hui, je le suis et je vois la ville s\u2019effondrer. Je vois la ville que j\u2019aime dispara\u00eetre, les femmes ont peur, la dette qui explose \u00bb, a-t-elle \u00e9nonc\u00e9.<\/p>\n<p>Le nouveau visage du parti d\u2019\u00c9ric Zemmour ?<\/p>\n<p class=\"mb-4 text-lg md:leading-8 break-words\">En d\u00e9cembre 2024, Sarah Knafo int\u00e9grait le <a data-i13n=\"cpos:2;pos:1\" href=\"https:\/\/www.parismatch.com\/actu\/politique\/bayrou-cazeneuve-jadot-vautrin-retailleau-les-francais-bienveillants-avec-la-classe-politique-244816\" rel=\"nofollow noopener\" target=\"_blank\" data-ylk=\"slk:barom\u00e8tre Ifop-Fiducial pour Paris Match et Sud Radio;cpos:2;pos:1;elm:context_link;itc:0;sec:content-canvas\" class=\"link \">barom\u00e8tre Ifop-Fiducial pour Paris Match et Sud Radio<\/a> sur les personnalit\u00e9s politiques pr\u00e9f\u00e9r\u00e9es des Fran\u00e7ais. Plac\u00e9e \u00e0 la 48e place avec 28 % de bonnes opinions, elle devan\u00e7ait alors l\u2019Insoumise Mathilde Panot, mais surtout le leader de son parti et compagnon, <a data-i13n=\"cpos:3;pos:1\" href=\"https:\/\/www.parismatch.com\/Actu\/Politique\/Ma-collaboratrice-ma-compagne-Eric-Zemmour-officialise-sa-relation-avec-Sarah-Knafo-1781276\" rel=\"nofollow noopener\" target=\"_blank\" data-ylk=\"slk:\u00c9ric Zemmour;cpos:3;pos:1;elm:context_link;itc:0;sec:content-canvas\" class=\"link \">\u00c9ric Zemmour<\/a> (25 %).<\/p>\n<p class=\"mb-4 text-lg md:leading-8 break-words\">Elle affiche de meilleurs scores \u00e0 gauche (17 % contre 10 %) et chez LR (39 contre 19), Renaissance (36 vs 22) et moins d\u2019opinions d\u00e9favorables que l\u2019essayiste (40 contre 74). \u00ab Elle a \u00e9galement une bonne marge de progression, notait alors Fr\u00e9d\u00e9ric Dabi, directeur g\u00e9n\u00e9ral Opinion de l\u2019Ifop, car 23 % des personnes interrog\u00e9es ne la connaissent pas. \u00bb<\/p>\n<p class=\"mb-4 text-lg md:leading-8 break-words\">\u00c9lue en juin de la &#8230;<\/p>\n<p class=\"mb-4 text-lg md:leading-8 break-words\"><a data-i13n=\"cpos:4;pos:1\" href=\"https:\/\/www.parismatch.com\/actu\/politique\/municipales-2026-a-paris-sarah-knafo-officialise-sa-candidature-262609?at_medium=affiliate&amp;at_campaign=Yahoo\" rel=\"nofollow noopener\" target=\"_blank\" data-ylk=\"slk:Lire la suite sur ParisMatch;cpos:4;pos:1;elm:context_link;itc:0;sec:content-canvas\" class=\"link \">Lire la suite sur ParisMatch<\/a><\/p>\n","protected":false},"excerpt":{"rendered":"La candidature de Thierry Mariani, jug\u00e9e fragile, lui offrait une br\u00e8che. Difficile de ne pas s\u2019y engouffrer. Et&hellip;\n","protected":false},"author":2,"featured_media":647887,"comment_status":"","ping_status":"","sticky":false,"template":"","format":"standard","meta":{"footnotes":""},"categories":[1888],"tags":[1111,1928,11,1927,1777,674,1011,27,2381,12,1926,626,1925,25,15232,39672],"class_list":{"0":"post-647886","1":"post","2":"type-post","3":"status-publish","4":"format-standard","5":"has-post-thumbnail","7":"category-paris","8":"tag-actu","9":"tag-actu-paris","10":"tag-actualites","11":"tag-actualites-paris","12":"tag-eu","13":"tag-europe","14":"tag-fr","15":"tag-france","16":"tag-mairie-de-paris","17":"tag-news","18":"tag-news-paris","19":"tag-paris","20":"tag-paris-news","21":"tag-republique-francaise","22":"tag-sarah-knafo","23":"tag-thierry-mariani"},"share_on_mastodon":{"url":"https:\/\/pubeurope.com\/@fr\/115855762648076083","error":""},"_links":{"self":[{"href":"https:\/\/www.europesays.com\/fr\/wp-json\/wp\/v2\/posts\/647886","targetHints":{"allow":["GET"]}}],"collection":[{"href":"https:\/\/www.europesays.com\/fr\/wp-json\/wp\/v2\/posts"}],"about":[{"href":"https:\/\/www.europesays.com\/fr\/wp-json\/wp\/v2\/types\/post"}],"author":[{"embeddable":true,"href":"https:\/\/www.europesays.com\/fr\/wp-json\/wp\/v2\/users\/2"}],"replies":[{"embeddable":true,"href":"https:\/\/www.europesays.com\/fr\/wp-json\/wp\/v2\/comments?post=647886"}],"version-history":[{"count":0,"href":"https:\/\/www.europesays.com\/fr\/wp-json\/wp\/v2\/posts\/647886\/revisions"}],"wp:featuredmedia":[{"embeddable":true,"href":"https:\/\/www.europesays.com\/fr\/wp-json\/wp\/v2\/media\/647887"}],"wp:attachment":[{"href":"https:\/\/www.europesays.com\/fr\/wp-json\/wp\/v2\/media?parent=647886"}],"wp:term":[{"taxonomy":"category","embeddable":true,"href":"https:\/\/www.europesays.com\/fr\/wp-json\/wp\/v2\/categories?post=647886"},{"taxonomy":"post_tag","embeddable":true,"href":"https:\/\/www.europesays.com\/fr\/wp-json\/wp\/v2\/tags?post=647886"}],"curies":[{"name":"wp","href":"https:\/\/api.w.org\/{rel}","templated":true}]}}