{"id":647894,"date":"2026-01-07T20:46:11","date_gmt":"2026-01-07T20:46:11","guid":{"rendered":"https:\/\/www.europesays.com\/fr\/647894\/"},"modified":"2026-01-07T20:46:11","modified_gmt":"2026-01-07T20:46:11","slug":"guerre-en-ukraine-rearmement-de-leurope-il-faut-quon-ait-un-budget-de-la-defense-affirme-alice-rufo-ministre-deleguee-aux-armees","status":"publish","type":"post","link":"https:\/\/www.europesays.com\/fr\/647894\/","title":{"rendered":"Guerre en Ukraine, r\u00e9armement de l&rsquo;Europe&#8230; \u00ab\u00a0Il faut qu&rsquo;on ait un budget de la D\u00e9fense\u00a0\u00bb, affirme Alice Rufo, ministre d\u00e9l\u00e9gu\u00e9e aux Arm\u00e9es"},"content":{"rendered":"<p>Guerre en Ukraine, r\u00e9armement de l&rsquo;Europe&#8230; \u00ab\u00a0Il faut qu&rsquo;on ait un budget de la D\u00e9fense\u00a0\u00bb, affirme Alice Rufo, ministre d\u00e9l\u00e9gu\u00e9e aux Arm\u00e9esSur le m\u00eame sujet<a href=\"https:\/\/www.bfmtv.com\/international\/amerique-nord\/etats-unis\/video-le-choix-d-elsa-saisie-d-un-petrolier-russe-pression-sur-un-magistrat-francais-rachat-du-groenland-comment-donald-trump-accentue-la-pression-sur-le-monde_VN-202601070981.html\" title=\"LE CHOIX D&#039;ELSA - Saisie d&#039;un p\u00e9trolier russe, pression sur un magistrat fran\u00e7ais, rachat du Groenland... Comment Donald Trump accentue la pression sur le monde\" target=\"_blank\" rel=\"noopener\"><img width=\"16\" height=\"9\" class=\"lozad\"  alt=\"LE CHOIX D'ELSA - Saisie d'un p\u00e9trolier russe, pression sur un magistrat fran\u00e7ais, rachat du Groenland... Comment Donald Trump accentue la pression sur le monde\"\/>6:20LE CHOIX D&rsquo;ELSA &#8211; Saisie d&rsquo;un p\u00e9trolier russe, pression sur un magistrat fran\u00e7ais, rachat du Groenland&#8230; Comment Donald Trump accentue la pression sur le monde<\/a><a href=\"https:\/\/www.bfmtv.com\/international\/amerique-nord\/etats-unis\/video-donald-trump-etudie-activement-un-achat-du-groenland-selon-sa-porte-parole-karoline-leavitt_VN-202601070965.html\" title=\"Donald Trump \u00e9tudie &quot;activement&quot; un &quot;achat&quot; du Groenland selon sa porte-parole Karoline Leavitt\" target=\"_blank\" rel=\"noopener\"><img width=\"16\" height=\"9\" class=\"lozad\"  alt=\"Donald Trump \u00e9tudie &quot;activement&quot; un &quot;achat&quot; du Groenland selon sa porte-parole Karoline Leavitt\"\/>0:48Donald Trump \u00e9tudie \u00ab\u00a0activement\u00a0\u00bb un \u00ab\u00a0achat\u00a0\u00bb du Groenland selon sa porte-parole Karoline Leavitt<\/a><a href=\"https:\/\/www.bfmtv.com\/international\/amerique-nord\/etats-unis\/video-les-decisions-des-autorites-venezueliennes-seront-dictees-par-les-etats-unis-affirme-la-maison-blanche_VN-202601070964.html\" title=\"Les d\u00e9cisions des autorit\u00e9s v\u00e9n\u00e9zu\u00e9liennes seront &quot;dict\u00e9es&quot; par les \u00c9tats-Unis, affirme la Maison Blanche\" target=\"_blank\" rel=\"noopener\"><img width=\"16\" height=\"9\" class=\"lozad\"  alt=\"Les d\u00e9cisions des autorit\u00e9s v\u00e9n\u00e9zu\u00e9liennes seront &quot;dict\u00e9es&quot; par les \u00c9tats-Unis, affirme la Maison Blanche\"\/>1:17Les d\u00e9cisions des autorit\u00e9s v\u00e9n\u00e9zu\u00e9liennes seront \u00ab\u00a0dict\u00e9es\u00a0\u00bb par les \u00c9tats-Unis, affirme la Maison Blanche<\/a><a href=\"https:\/\/www.bfmtv.com\/international\/amerique-nord\/etats-unis\/video-ce-que-l-on-sait-de-la-saisie-d-un-petrolier-russe-par-les-etats-unis-dans-l-atlantique-nord_VN-202601070937.html\" title=\"Ce que l&#039;on sait de la saisie d&#039;un p\u00e9trolier russe par les \u00c9tats-Unis dans l&#039;Atlantique nord\" target=\"_blank\" rel=\"noopener\"><img width=\"16\" height=\"9\" class=\"lozad\"  alt=\"Ce que l'on sait de la saisie d'un p\u00e9trolier russe par les \u00c9tats-Unis dans l'Atlantique nord\"\/>1:15Ce que l&rsquo;on sait de la saisie d&rsquo;un p\u00e9trolier russe par les \u00c9tats-Unis dans l&rsquo;Atlantique nord<\/a><a href=\"https:\/\/www.bfmtv.com\/international\/amerique-nord\/etats-unis\/video-guerre-en-ukraine-rearmement-de-l-europe-il-faut-qu-on-ait-un-budget-de-la-defense-affirme-alice-rufo-ministre-deleguee-aux-armees_VN-202601070927.html\" title=\"Guerre en Ukraine, r\u00e9armement de l&#039;Europe... &quot;Il faut qu&#039;on ait un budget de la D\u00e9fense&quot;, affirme Alice Rufo, ministre d\u00e9l\u00e9gu\u00e9e aux Arm\u00e9es\" target=\"_blank\" rel=\"noopener\"><img width=\"16\" height=\"9\" class=\"lozad\"  alt=\"Guerre en Ukraine, r\u00e9armement de l'Europe... &quot;Il faut qu'on ait un budget de la D\u00e9fense&quot;, affirme Alice Rufo, ministre d\u00e9l\u00e9gu\u00e9e aux Arm\u00e9es\"\/>en lectureGuerre en Ukraine, r\u00e9armement de l&rsquo;Europe&#8230; \u00ab\u00a0Il faut qu&rsquo;on ait un budget de la D\u00e9fense\u00a0\u00bb, affirme Alice Rufo, ministre d\u00e9l\u00e9gu\u00e9e aux Arm\u00e9es<\/a><a href=\"https:\/\/www.bfmtv.com\/international\/amerique-nord\/etats-unis\/video-rachat-du-groenland-par-les-etats-unis-l-europe-a-tout-a-fait-la-possibilite-de-dire-non-a-trump-declare-daniel-cohn-bendit-ancien-depute-europeen_VN-202601070924.html\" title=\"Rachat du Groenland par les \u00c9tats-Unis? &quot;L&#039;Europe a tout \u00e0 fait la possibilit\u00e9 de dire non \u00e0 Trump&quot;, d\u00e9clare Daniel Cohn-Bendit, ancien d\u00e9put\u00e9 europ\u00e9en\" target=\"_blank\" rel=\"noopener\"><img width=\"16\" height=\"9\" class=\"lozad\"  alt=\"Rachat du Groenland par les \u00c9tats-Unis? &quot;L'Europe a tout \u00e0 fait la possibilit\u00e9 de dire non \u00e0 Trump&quot;, d\u00e9clare Daniel Cohn-Bendit, ancien d\u00e9put\u00e9 europ\u00e9en\"\/>1:43Rachat du Groenland par les \u00c9tats-Unis? \u00ab\u00a0L&rsquo;Europe a tout \u00e0 fait la possibilit\u00e9 de dire non \u00e0 Trump\u00a0\u00bb, d\u00e9clare Daniel Cohn-Bendit, ancien d\u00e9put\u00e9 europ\u00e9en<\/a><a href=\"https:\/\/www.bfmtv.com\/international\/amerique-nord\/etats-unis\/video-groenland-il-n-y-a-pas-de-scenarios-dans-lequel-un-etat-membre-de-l-otan-viole-la-souverainete-d-un-autre-etat-membre-affirme-alice-rufo-ministre-deleguee-des-armees_VN-202601070919.html\" title=\"Groenland: &quot;Il n&#039;y a pas de sc\u00e9narios dans lequel un \u00c9tat membre de l&#039;OTAN viole la souverainet\u00e9 d&#039;un autre \u00c9tat membre&quot;, affirme Alice Rufo, ministre d\u00e9l\u00e9gu\u00e9e des Arm\u00e9es\" target=\"_blank\" rel=\"noopener\"><img width=\"16\" height=\"9\" class=\"lozad\"  alt=\"Groenland: &quot;Il n'y a pas de sc\u00e9narios dans lequel un \u00c9tat membre de l'OTAN viole la souverainet\u00e9 d'un autre \u00c9tat membre&quot;, affirme Alice Rufo, ministre d\u00e9l\u00e9gu\u00e9e des Arm\u00e9es\"\/>1:07Groenland: \u00ab\u00a0Il n&rsquo;y a pas de sc\u00e9narios dans lequel un \u00c9tat membre de l&rsquo;OTAN viole la souverainet\u00e9 d&rsquo;un autre \u00c9tat membre\u00a0\u00bb, affirme Alice Rufo, ministre d\u00e9l\u00e9gu\u00e9e des Arm\u00e9es<\/a><a href=\"https:\/\/www.bfmtv.com\/international\/amerique-nord\/etats-unis\/video-la-maison-blanche-confirme-que-donald-trump-etudie-activement-le-rachat-du-groenland_VN-202601070914.html\" title=\"La Maison Blanche confirme que Donald Trump \u00e9tudie &quot;activement&quot; le rachat du Groenland\" target=\"_blank\" rel=\"noopener\"><img width=\"16\" height=\"9\" class=\"lozad\"  alt=\"La Maison Blanche confirme que Donald Trump \u00e9tudie &quot;activement&quot; le rachat du Groenland\"\/>1:05La Maison Blanche confirme que Donald Trump \u00e9tudie \u00ab\u00a0activement\u00a0\u00bb le rachat du Groenland<\/a><a href=\"https:\/\/www.bfmtv.com\/international\/amerique-nord\/etats-unis\/video-un-petrolier-russe-a-ete-saisi-par-les-etats-unis-dans-l-atlantique-nord_VN-202601070904.html\" title=\"Un p\u00e9trolier russe a \u00e9t\u00e9 saisi par les \u00c9tats-Unis dans l&#039;Atlantique nord\" target=\"_blank\" rel=\"noopener\"><img width=\"16\" height=\"9\" class=\"lozad\"  alt=\"Un p\u00e9trolier russe a \u00e9t\u00e9 saisi par les \u00c9tats-Unis dans l'Atlantique nord\"\/>2:34Un p\u00e9trolier russe a \u00e9t\u00e9 saisi par les \u00c9tats-Unis dans l&rsquo;Atlantique nord<\/a><a href=\"https:\/\/www.bfmtv.com\/international\/amerique-nord\/etats-unis\/video-petroliers-saisis-le-secretaire-americain-a-la-defense-dit-que-l-armee-est-prete-a-continuer-cela_VN-202601070891.html\" title=\"P\u00e9troliers saisis: le secr\u00e9taire am\u00e9ricain \u00e0 la D\u00e9fense dit que &quot;l&#039;arm\u00e9e est pr\u00eate \u00e0 continuer cela&quot;\" target=\"_blank\" rel=\"noopener\"><img width=\"16\" height=\"9\" class=\"lozad\"  alt=\"P\u00e9troliers saisis: le secr\u00e9taire am\u00e9ricain \u00e0 la D\u00e9fense dit que &quot;l'arm\u00e9e est pr\u00eate \u00e0 continuer cela&quot;\"\/>1:13P\u00e9troliers saisis: le secr\u00e9taire am\u00e9ricain \u00e0 la D\u00e9fense dit que \u00ab\u00a0l&rsquo;arm\u00e9e est pr\u00eate \u00e0 continuer cela\u00a0\u00bb<\/a><a href=\"https:\/\/www.bfmtv.com\/international\/amerique-nord\/etats-unis\/video-plan-des-etats-unis-pour-le-venezuela-ce-n-est-pas-de-l-improvisation-affirme-marco-rubio_VN-202601070798.html\" title=\"Plan des \u00c9tats-Unis pour le Venezuela: &quot;Ce n\u2019est pas de l\u2019improvisation&quot;, affirme Marco Rubio\" target=\"_blank\" rel=\"noopener\"><img width=\"16\" height=\"9\" class=\"lozad\"  alt=\"Plan des \u00c9tats-Unis pour le Venezuela: &quot;Ce n\u2019est pas de l\u2019improvisation&quot;, affirme Marco Rubio\"\/>0:45Plan des \u00c9tats-Unis pour le Venezuela: \u00ab\u00a0Ce n\u2019est pas de l\u2019improvisation\u00a0\u00bb, affirme Marco Rubio<\/a><a href=\"https:\/\/www.bfmtv.com\/people\/video-la-rappeuse-nicki-minaj-de-plus-en-plus-boycottee-depuis-son-soutien-a-donald-trump_VN-202601070780.html\" title=\"La rappeuse Nicki Minaj de plus en plus boycott\u00e9e depuis son soutien \u00e0 Donald Trump\" target=\"_blank\" rel=\"noopener\"><img width=\"16\" height=\"9\" class=\"lozad\"  alt=\"La rappeuse Nicki Minaj de plus en plus boycott\u00e9e depuis son soutien \u00e0 Donald Trump\"\/>2:06La rappeuse Nicki Minaj de plus en plus boycott\u00e9e depuis son soutien \u00e0 Donald Trump<\/a><a href=\"https:\/\/www.bfmtv.com\/international\/amerique-nord\/etats-unis\/video-groenland-le-chef-de-la-diplomatie-americaine-annonce-qu-il-rencontrera-des-responsables-danois-la-semaine-prochaine_VN-202601070769.html\" title=\"Groenland: le chef de la diplomatie am\u00e9ricaine annonce qu&#039;il rencontrera des responsables danois la semaine prochaine\" target=\"_blank\" rel=\"noopener\"><img width=\"16\" height=\"9\" class=\"lozad\"  alt=\"Groenland: le chef de la diplomatie am\u00e9ricaine annonce qu'il rencontrera des responsables danois la semaine prochaine\"\/>0:44Groenland: le chef de la diplomatie am\u00e9ricaine annonce qu&rsquo;il rencontrera des responsables danois la semaine prochaine<\/a><a href=\"https:\/\/www.bfmtv.com\/international\/amerique-nord\/etats-unis\/video-etats-unis-donald-trump-imite-des-halterophiles-en-se-moquant-des-athletes-transgenres_VN-202601070596.html\" title=\"\u00c9tats-Unis: Donald Trump imite des halt\u00e9rophiles en se moquant des athl\u00e8tes transgenres \" target=\"_blank\" rel=\"noopener\"><img width=\"16\" height=\"9\" class=\"lozad\"  alt=\"\u00c9tats-Unis: Donald Trump imite des halt\u00e9rophiles en se moquant des athl\u00e8tes transgenres \"\/>1:04\u00c9tats-Unis: Donald Trump imite des halt\u00e9rophiles en se moquant des athl\u00e8tes transgenres<\/a><a class=\"jumpToVideo\" target=\"_blank\"><img class=\"thumbnailPreview\"\/><\/a><\/p>\n","protected":false},"excerpt":{"rendered":"Guerre en Ukraine, r\u00e9armement de l&rsquo;Europe&#8230; \u00ab\u00a0Il faut qu&rsquo;on ait un budget de la D\u00e9fense\u00a0\u00bb, affirme Alice Rufo,&hellip;\n","protected":false},"author":2,"featured_media":647895,"comment_status":"","ping_status":"","sticky":false,"template":"","format":"standard","meta":{"footnotes":""},"categories":[1590],"tags":[11,1777,674,12,220],"class_list":{"0":"post-647894","1":"post","2":"type-post","3":"status-publish","4":"format-standard","5":"has-post-thumbnail","7":"category-ukraine","8":"tag-actualites","9":"tag-eu","10":"tag-europe","11":"tag-news","12":"tag-ukraine"},"share_on_mastodon":{"url":"https:\/\/pubeurope.com\/@fr\/115855778310787835","error":""},"_links":{"self":[{"href":"https:\/\/www.europesays.com\/fr\/wp-json\/wp\/v2\/posts\/647894","targetHints":{"allow":["GET"]}}],"collection":[{"href":"https:\/\/www.europesays.com\/fr\/wp-json\/wp\/v2\/posts"}],"about":[{"href":"https:\/\/www.europesays.com\/fr\/wp-json\/wp\/v2\/types\/post"}],"author":[{"embeddable":true,"href":"https:\/\/www.europesays.com\/fr\/wp-json\/wp\/v2\/users\/2"}],"replies":[{"embeddable":true,"href":"https:\/\/www.europesays.com\/fr\/wp-json\/wp\/v2\/comments?post=647894"}],"version-history":[{"count":0,"href":"https:\/\/www.europesays.com\/fr\/wp-json\/wp\/v2\/posts\/647894\/revisions"}],"wp:featuredmedia":[{"embeddable":true,"href":"https:\/\/www.europesays.com\/fr\/wp-json\/wp\/v2\/media\/647895"}],"wp:attachment":[{"href":"https:\/\/www.europesays.com\/fr\/wp-json\/wp\/v2\/media?parent=647894"}],"wp:term":[{"taxonomy":"category","embeddable":true,"href":"https:\/\/www.europesays.com\/fr\/wp-json\/wp\/v2\/categories?post=647894"},{"taxonomy":"post_tag","embeddable":true,"href":"https:\/\/www.europesays.com\/fr\/wp-json\/wp\/v2\/tags?post=647894"}],"curies":[{"name":"wp","href":"https:\/\/api.w.org\/{rel}","templated":true}]}}