{"id":647896,"date":"2026-01-07T20:47:12","date_gmt":"2026-01-07T20:47:12","guid":{"rendered":"https:\/\/www.europesays.com\/fr\/647896\/"},"modified":"2026-01-07T20:47:12","modified_gmt":"2026-01-07T20:47:12","slug":"conflit-etats-unis-venezuela-les-usa-reduisent-leur-presence-militaire-en-mer-des-caraibes","status":"publish","type":"post","link":"https:\/\/www.europesays.com\/fr\/647896\/","title":{"rendered":"Conflit Etats-Unis-Venezuela &#8211; Les USA r\u00e9duisent leur pr\u00e9sence militaire en mer des Cara\u00efbes"},"content":{"rendered":"<p class=\"ap-StoryElement ap-StoryElement--mb ap-StoryText\">Selon le journal am\u00e9ricain, il s&rsquo;agirait notamment du navire d&rsquo;assaut USS Iwo Jima et du navire de transport USS San Antonio. Tous deux se seraient dirig\u00e9s vers les eaux au nord de Cuba. Le journal ajoute que l&rsquo;un des deux navires militaires pourrait bient\u00f4t mettre le cap sur son port d&rsquo;attache \u00e0 Norfolk, en Virginie. Certains avions militaires, tels que les CV-22 et les MC-130, ont \u00e9galement quitt\u00e9 la r\u00e9gion.<\/p>\n<p class=\"ap-StoryElement ap-StoryElement--mb ap-StoryText\">Cela aurait r\u00e9duit le nombre de soldats am\u00e9ricains en mer des Cara\u00efbes \u00e0 environ 12.000.<\/p>\n","protected":false},"excerpt":{"rendered":"Selon le journal am\u00e9ricain, il s&rsquo;agirait notamment du navire d&rsquo;assaut USS Iwo Jima et du navire de transport&hellip;\n","protected":false},"author":2,"featured_media":2837,"comment_status":"","ping_status":"","sticky":false,"template":"","format":"standard","meta":{"footnotes":""},"categories":[1589],"tags":[11,1813,2120,73,1866,12,1864,1865,1863,308,337],"class_list":{"0":"post-647896","1":"post","2":"type-post","3":"status-publish","4":"format-standard","5":"has-post-thumbnail","7":"category-etats-unis","8":"tag-actualites","9":"tag-armee","10":"tag-conflit","11":"tag-etats-unis","12":"tag-etats-unis-damerique","13":"tag-news","14":"tag-united-states","15":"tag-united-states-of-america","16":"tag-us","17":"tag-usa","18":"tag-venezuela"},"share_on_mastodon":{"url":"https:\/\/pubeurope.com\/@fr\/115855782345138898","error":""},"_links":{"self":[{"href":"https:\/\/www.europesays.com\/fr\/wp-json\/wp\/v2\/posts\/647896","targetHints":{"allow":["GET"]}}],"collection":[{"href":"https:\/\/www.europesays.com\/fr\/wp-json\/wp\/v2\/posts"}],"about":[{"href":"https:\/\/www.europesays.com\/fr\/wp-json\/wp\/v2\/types\/post"}],"author":[{"embeddable":true,"href":"https:\/\/www.europesays.com\/fr\/wp-json\/wp\/v2\/users\/2"}],"replies":[{"embeddable":true,"href":"https:\/\/www.europesays.com\/fr\/wp-json\/wp\/v2\/comments?post=647896"}],"version-history":[{"count":0,"href":"https:\/\/www.europesays.com\/fr\/wp-json\/wp\/v2\/posts\/647896\/revisions"}],"wp:featuredmedia":[{"embeddable":true,"href":"https:\/\/www.europesays.com\/fr\/wp-json\/wp\/v2\/media\/2837"}],"wp:attachment":[{"href":"https:\/\/www.europesays.com\/fr\/wp-json\/wp\/v2\/media?parent=647896"}],"wp:term":[{"taxonomy":"category","embeddable":true,"href":"https:\/\/www.europesays.com\/fr\/wp-json\/wp\/v2\/categories?post=647896"},{"taxonomy":"post_tag","embeddable":true,"href":"https:\/\/www.europesays.com\/fr\/wp-json\/wp\/v2\/tags?post=647896"}],"curies":[{"name":"wp","href":"https:\/\/api.w.org\/{rel}","templated":true}]}}