{"id":647903,"date":"2026-01-07T20:51:10","date_gmt":"2026-01-07T20:51:10","guid":{"rendered":"https:\/\/www.europesays.com\/fr\/647903\/"},"modified":"2026-01-07T20:51:10","modified_gmt":"2026-01-07T20:51:10","slug":"ruben-amorim-a-eu-une-vive-altercation-avec-un-cadre","status":"publish","type":"post","link":"https:\/\/www.europesays.com\/fr\/647903\/","title":{"rendered":"R\u00faben Amorim a eu une vive altercation avec un cadre"},"content":{"rendered":"<p>Ruben Amorim et son ancien vestiaire, une histoire digne d\u2019un film \u00e0 Old Trafford. Apr\u00e8s son licenciement par sa direction, le coach portugais est dans une v\u00e9ritable impasse, et dans une sacr\u00e9e pol\u00e9mique. D\u2019apr\u00e8s le Daily Mail, le technicien et le d\u00e9fenseur de <a href=\"https:\/\/www.footmercato.net\/club\/manchester-united\/\" target=\"_blank\" rel=\"noopener\">Manchester United<\/a>, <a href=\"https:\/\/www.footmercato.net\/joueur\/lisandro-martinez\/\" target=\"_blank\" rel=\"noopener\">Lisandro<\/a> Martinez, se sont affront\u00e9s t\u00eate contre t\u00eate lors d\u2019une s\u00e9ance d\u2019entra\u00eenement quelques semaines avant le d\u00e9part du portugais. Le m\u00e9dia britannique indique que la sc\u00e8ne a eu lieu entre les matchs face \u00e0 Crystal Palace et West Ham, au moment o\u00f9 le retour d\u2019une blessure de l\u2019Argentin de 27 ans au mois de d\u00e9cembre faisait grand bruit.<\/p>\n<p>            La suite apr\u00e8s cette publicit\u00e9<\/p>\n<p>Le d\u00e9fenseur, frustr\u00e9 d\u2019avoir \u00e9t\u00e9 laiss\u00e9 sur le banc alors qu\u2019il pensait \u00eatre pr\u00eat \u00e0 commencer les matchs en <a href=\"https:\/\/www.footmercato.net\/angleterre\/premier-league\/\" target=\"_blank\" rel=\"noopener\">Premier League<\/a>, s\u2019\u00e9tait intens\u00e9ment emport\u00e9. Pour rappel, de nombreux joueurs du vestiaire s\u2019\u00e9taient mis \u00e0 dos l\u2019entra\u00eeneur au caract\u00e8re bien tremp\u00e9 comme Marcus Rashford, Jadon Sancho, Antony ou encore Tyrell Malacia (Kobbie Mainoo \u00e9galement cette saison). Destitu\u00e9 de ses fonctions r\u00e9cemment, Amorim a eu du mal \u00e0 s\u2019imposer avec un groupe en r\u00e9el manque de confiance, d\u00e9sormais <a href=\"https:\/\/www.footmercato.net\/angleterre\/premier-league\/classement\" target=\"_blank\" rel=\"noopener\">sixi\u00e8me de Premier League<\/a>. <\/p>\n<p>\n    Pub. le 07\/01\/2026 21:31<br \/>\n            &#8211; MAJ le 07\/01\/2026 21:32\n    <\/p>\n","protected":false},"excerpt":{"rendered":"Ruben Amorim et son ancien vestiaire, une histoire digne d\u2019un film \u00e0 Old Trafford. Apr\u00e8s son licenciement par&hellip;\n","protected":false},"author":2,"featured_media":647904,"comment_status":"","ping_status":"","sticky":false,"template":"","format":"standard","meta":{"footnotes":""},"categories":[1586],"tags":[11,1777,674,1779,1011,27,12,25,1778,364],"class_list":{"0":"post-647903","1":"post","2":"type-post","3":"status-publish","4":"format-standard","5":"has-post-thumbnail","7":"category-europe","8":"tag-actualites","9":"tag-eu","10":"tag-europe","11":"tag-european-union","12":"tag-fr","13":"tag-france","14":"tag-news","15":"tag-republique-francaise","16":"tag-ue","17":"tag-union-europeenne"},"share_on_mastodon":{"url":"https:\/\/pubeurope.com\/@fr\/115855798044244187","error":""},"_links":{"self":[{"href":"https:\/\/www.europesays.com\/fr\/wp-json\/wp\/v2\/posts\/647903","targetHints":{"allow":["GET"]}}],"collection":[{"href":"https:\/\/www.europesays.com\/fr\/wp-json\/wp\/v2\/posts"}],"about":[{"href":"https:\/\/www.europesays.com\/fr\/wp-json\/wp\/v2\/types\/post"}],"author":[{"embeddable":true,"href":"https:\/\/www.europesays.com\/fr\/wp-json\/wp\/v2\/users\/2"}],"replies":[{"embeddable":true,"href":"https:\/\/www.europesays.com\/fr\/wp-json\/wp\/v2\/comments?post=647903"}],"version-history":[{"count":0,"href":"https:\/\/www.europesays.com\/fr\/wp-json\/wp\/v2\/posts\/647903\/revisions"}],"wp:featuredmedia":[{"embeddable":true,"href":"https:\/\/www.europesays.com\/fr\/wp-json\/wp\/v2\/media\/647904"}],"wp:attachment":[{"href":"https:\/\/www.europesays.com\/fr\/wp-json\/wp\/v2\/media?parent=647903"}],"wp:term":[{"taxonomy":"category","embeddable":true,"href":"https:\/\/www.europesays.com\/fr\/wp-json\/wp\/v2\/categories?post=647903"},{"taxonomy":"post_tag","embeddable":true,"href":"https:\/\/www.europesays.com\/fr\/wp-json\/wp\/v2\/tags?post=647903"}],"curies":[{"name":"wp","href":"https:\/\/api.w.org\/{rel}","templated":true}]}}