{"id":647911,"date":"2026-01-07T20:57:16","date_gmt":"2026-01-07T20:57:16","guid":{"rendered":"https:\/\/www.europesays.com\/fr\/647911\/"},"modified":"2026-01-07T20:57:16","modified_gmt":"2026-01-07T20:57:16","slug":"galthie-et-ses-adjoints-testent-leurs-methodes-avant-le-six-nations","status":"publish","type":"post","link":"https:\/\/www.europesays.com\/fr\/647911\/","title":{"rendered":"Galthi\u00e9 et ses adjoints testent leurs m\u00e9thodes avant le Six Nations"},"content":{"rendered":"<p>Mardi matin, la d\u00e9l\u00e9gation tricolore compos\u00e9e d&rsquo;une trentaine de membres s\u2019est install\u00e9e au stade Christian-Belascain pour observer l\u2019entra\u00eenement de l\u2019Aviron Bayonnais. Sous une pluie glaciale comme le rapporte Rugbyrama, William Servat a \u00e9chang\u00e9 avec les sp\u00e9cialistes de la conqu\u00eate basque. Pendant ce temps, Fabien Galthi\u00e9 discutait longuement avec Shaun Edwards avant de rejoindre Gr\u00e9gory Patat.<\/p>\n<p>\u00a0<\/p>\n<p>Les Bleus en mode p\u00e9dagogie<\/p>\n<p>En fin de journ\u00e9e, les r\u00f4les se sont invers\u00e9s. Apr\u00e8s une s\u00e9ance vid\u00e9o, le staff tricolore est descendu sur le terrain synth\u00e9tique de l\u2019AB Campus pour encadrer les Crabos et espoirs bayonnais. La s\u00e9ance a dur\u00e9 pr\u00e8s d&rsquo;une heure et trente minutes. L&rsquo;\u00e9quipe de techniciens de Fabien Galthi\u00e9 a dirig\u00e9 ateliers et oppositions sous l\u2019\u0153il attentif de J\u00e9r\u00f4me Garc\u00e8s, arbitre invit\u00e9 pour l\u2019occasion.<\/p>\n<p>\u00a0<\/p>\n<p>Echauffement, ateliers sur le jeu au sol, exercices de m\u00eal\u00e9e et de lancements de jeu, puis opposition dirig\u00e9e ont meubl\u00e9 la s\u00e9ance d&rsquo;entra\u00eenement. Cette derni\u00e8re s\u2019est conclue par des s\u00e9quences collectives ax\u00e9es sur la d\u00e9fense et la course, dans un format intensif et segment\u00e9. Ce mercredi, le staff des Bleus doit \u00e9changer avec celui de Bayonne pour tirer les enseignements de cette journ\u00e9e partag\u00e9e. D\u00e8s jeudi, Galthi\u00e9 et ses adjoints quitteront le Pays basque pour se consacrer pleinement \u00e0 la pr\u00e9paration du Six Nations.<\/p>\n<p>Partagez cette info avec vos amis et vos proches en cliquant ici<br \/>Pour r\u00e9sumer<\/p>\n<p>En s\u00e9minaire \u00e0 Bayonne, Fabien Galthi\u00e9 et son staff ont observ\u00e9 l\u2019Aviron avant d\u2019animer une s\u00e9ance avec les jeunes. Ceci avec pour objectif de tester leurs m\u00e9thodes et renforcer la coh\u00e9sion \u00e0 un mois du d\u00e9but du Tournoi des Six Nations.<\/p>\n<p> <img decoding=\"async\" width=\"76\" height=\"76\" loading=\"lazy\" src=\"https:\/\/www.europesays.com\/fr\/wp-content\/uploads\/2025\/04\/avatar-quinze.png\" alt=\"Voldi Fr\u00e9jus\u00a0Hounvio\"\/><\/p>\n","protected":false},"excerpt":{"rendered":"Mardi matin, la d\u00e9l\u00e9gation tricolore compos\u00e9e d&rsquo;une trentaine de membres s\u2019est install\u00e9e au stade Christian-Belascain pour observer l\u2019entra\u00eenement&hellip;\n","protected":false},"author":2,"featured_media":647912,"comment_status":"","ping_status":"","sticky":false,"template":"","format":"standard","meta":{"footnotes":""},"categories":[1416],"tags":[2306,1011,27,479,1468,60,513],"class_list":{"0":"post-647911","1":"post","2":"type-post","3":"status-publish","4":"format-standard","5":"has-post-thumbnail","7":"category-rugby","8":"tag-6-nations","9":"tag-fr","10":"tag-france","11":"tag-rugby","12":"tag-rugby-football","13":"tag-sports","14":"tag-xv-de-france"},"share_on_mastodon":{"url":"https:\/\/pubeurope.com\/@fr\/115855821681275235","error":""},"_links":{"self":[{"href":"https:\/\/www.europesays.com\/fr\/wp-json\/wp\/v2\/posts\/647911","targetHints":{"allow":["GET"]}}],"collection":[{"href":"https:\/\/www.europesays.com\/fr\/wp-json\/wp\/v2\/posts"}],"about":[{"href":"https:\/\/www.europesays.com\/fr\/wp-json\/wp\/v2\/types\/post"}],"author":[{"embeddable":true,"href":"https:\/\/www.europesays.com\/fr\/wp-json\/wp\/v2\/users\/2"}],"replies":[{"embeddable":true,"href":"https:\/\/www.europesays.com\/fr\/wp-json\/wp\/v2\/comments?post=647911"}],"version-history":[{"count":0,"href":"https:\/\/www.europesays.com\/fr\/wp-json\/wp\/v2\/posts\/647911\/revisions"}],"wp:featuredmedia":[{"embeddable":true,"href":"https:\/\/www.europesays.com\/fr\/wp-json\/wp\/v2\/media\/647912"}],"wp:attachment":[{"href":"https:\/\/www.europesays.com\/fr\/wp-json\/wp\/v2\/media?parent=647911"}],"wp:term":[{"taxonomy":"category","embeddable":true,"href":"https:\/\/www.europesays.com\/fr\/wp-json\/wp\/v2\/categories?post=647911"},{"taxonomy":"post_tag","embeddable":true,"href":"https:\/\/www.europesays.com\/fr\/wp-json\/wp\/v2\/tags?post=647911"}],"curies":[{"name":"wp","href":"https:\/\/api.w.org\/{rel}","templated":true}]}}