{"id":647913,"date":"2026-01-07T20:58:11","date_gmt":"2026-01-07T20:58:11","guid":{"rendered":"https:\/\/www.europesays.com\/fr\/647913\/"},"modified":"2026-01-07T20:58:11","modified_gmt":"2026-01-07T20:58:11","slug":"depuis-sa-fusion-le-tc-castres-enchaine-les-succes","status":"publish","type":"post","link":"https:\/\/www.europesays.com\/fr\/647913\/","title":{"rendered":"Depuis sa fusion, le TC Castres encha\u00eene les succ\u00e8s"},"content":{"rendered":"<p>\n                                                                    l&rsquo;essentiel<br \/>\n                                                                La fusion du TC Castres, n\u00e9e de l\u2019union entre le TC Rey et le TC Sidobre, s\u2019affirme comme un succ\u00e8s. Avec 310 licenci\u00e9s et des \u00e9quipes en pleine ascension, le club devient un acteur majeur du tennis local.\n                            <\/p>\n<p>Un an et demi apr\u00e8s avoir vu le jour, le TC Castres confirme que la fusion entre le TC Rey et le TC Sidobre n\u2019\u00e9tait pas qu\u2019un mariage de raison, mais bien un acte fondateur. Apr\u00e8s \u00ab\u00a0une premi\u00e8re saison exceptionnelle du nouveau TC Castres\u00a0\u00bb, le club poursuit sur sa lanc\u00e9e en cette ann\u00e9e sportive 2025-2026, port\u00e9 par une dynamique collective qui ne faiblit pas.<\/p>\n<p class=\"std-elt__inline\">\n        <strong>\u00c0 lire aussi :<\/strong><br \/>\n        <a href=\"https:\/\/www.ladepeche.fr\/2025\/09\/15\/apres-une-fusion-reussie-service-gagnant-pour-le-tc-castres-nouvelle-locomotive-du-tennis-local-12929745.php\" target=\"_blank\" rel=\"noopener\">Apr\u00e8s une fusion r\u00e9ussie, service gagnant pour le TC Castres, nouvelle locomotive du tennis local<\/a>\n    <\/p>\n<p>Sur les courts comme en dehors, les chiffres parlent d\u2019eux-m\u00eames\u00a0: 310\u00a0licenci\u00e9s pour 326\u00a0adh\u00e9rents ont d\u00e9sormais adopt\u00e9 la banni\u00e8re bleu et blanc du TC Castres, devenu le plus grand club de tennis de la ville. Une fr\u00e9quentation en hausse qui traduit l\u2019adh\u00e9sion \u00e0 une ligne clairement assum\u00e9e par les dirigeants, autour d\u2019\u00a0\u00bbune philosophie du tennis pour tous\u00a0: initiation, perfectionnement, loisir, comp\u00e9tition\u00a0\u00bb, comme le r\u00e9sume le pr\u00e9sident Francis Bardou.<br \/>L\u2019\u00e9cole de tennis continue de faire le plein, encadr\u00e9e par quatre enseignants dipl\u00f4m\u00e9s d\u2019\u00c9tat, soucieux d\u2019un service de qualit\u00e9 adapt\u00e9 \u00e0 chaque public.<\/p>\n<p>Mont\u00e9es en niveau r\u00e9gional pour les v\u00e9t\u00e9rans<\/p>\n<p>C\u00f4t\u00e9 sportif, la vague du succ\u00e8s se prolonge. Les \u00e9quipes v\u00e9t\u00e9rans se sont particuli\u00e8rement illustr\u00e9es lors du championnat Troph\u00e9e GAN. Les f\u00e9minines +\u00a035 acc\u00e8dent \u00e0 la R\u00e9gionale 2, tandis que les hommes +\u00a035 montent en R\u00e9gionale 1b. Les \u00e9quipes +\u00a055 et +\u00a065, titr\u00e9es respectivement face \u00e0 Lourdes et Cahors, d\u00e9crochent quant \u00e0 elles leur billet pour la pr\u00e9nationale, confirmant la mont\u00e9e en puissance du club. M\u00eame trajectoire pour les \u00e9quipes fanions messieurs, promues en R1a et R1b, avec d\u00e9j\u00e0 en ligne de mire une accession suppl\u00e9mentaire d\u00e8s 2026 pour l\u2019\u00e9quipe premi\u00e8re.<\/p>\n<p>Mais au TC Castres, la r\u00e9ussite sportive va de pair avec l\u2019esprit club. L\u2019engagement des b\u00e9n\u00e9voles, tr\u00e8s actifs au sein du comit\u00e9 directeur comme dans les commissions, reste intact. Les moments de convivialit\u00e9 jalonnent la saison, \u00e0 l\u2019image du repas de No\u00ebl, qui a r\u00e9uni pr\u00e8s de quatre-vingts convives. Le d\u00e9but d\u2019ann\u00e9e a \u00e9galement \u00e9t\u00e9 rythm\u00e9 par une quinzaine tr\u00e8s dense, avec un tournoi jeunes inscrit au Tarn Tennis Tour et un TMC senior, attirant des joueurs venus de toute l\u2019Occitanie, voire au-del\u00e0.<\/p>\n<p>2026 \u00ab\u00a0attendue avec impatience\u00a0\u00bb<\/p>\n<p>Autre axe fort du projet\u00a0: le paratennis, d\u00e9sormais structur\u00e9 sur deux cr\u00e9neaux d\u00e9di\u00e9s. Un TMC paratennis, programm\u00e9 le 28\u00a0juin, ambitionne d\u2019offrir au club un rayonnement r\u00e9gional sur cette pratique inclusive.<\/p>\n<p>Enfin, tous les regards se tournent vers l\u2019avenir proche. \u00ab\u00a0L\u2019ann\u00e9e 2026 est attendue avec impatience\u00a0\u00bb, confie Francis Bardou, alors que la r\u00e9fection du site de la Borde-Basse se profile\u00a0: cinq nouveaux courts en r\u00e9sine, trois pistes de padel sous ombri\u00e8res photovolta\u00efques, ainsi qu\u2019un club-house remodel\u00e9.<\/p>\n","protected":false},"excerpt":{"rendered":"l&rsquo;essentiel La fusion du TC Castres, n\u00e9e de l\u2019union entre le TC Rey et le TC Sidobre, s\u2019affirme&hellip;\n","protected":false},"author":2,"featured_media":647914,"comment_status":"","ping_status":"","sticky":false,"template":"","format":"standard","meta":{"footnotes":""},"categories":[1415],"tags":[8173,1011,27,517,60,8412,1467],"class_list":{"0":"post-647913","1":"post","2":"type-post","3":"status-publish","4":"format-standard","5":"has-post-thumbnail","7":"category-tennis","8":"tag-castres","9":"tag-fr","10":"tag-france","11":"tag-sport","12":"tag-sports","13":"tag-tarn","14":"tag-tennis"},"share_on_mastodon":{"url":"https:\/\/pubeurope.com\/@fr\/115855825468609850","error":""},"_links":{"self":[{"href":"https:\/\/www.europesays.com\/fr\/wp-json\/wp\/v2\/posts\/647913","targetHints":{"allow":["GET"]}}],"collection":[{"href":"https:\/\/www.europesays.com\/fr\/wp-json\/wp\/v2\/posts"}],"about":[{"href":"https:\/\/www.europesays.com\/fr\/wp-json\/wp\/v2\/types\/post"}],"author":[{"embeddable":true,"href":"https:\/\/www.europesays.com\/fr\/wp-json\/wp\/v2\/users\/2"}],"replies":[{"embeddable":true,"href":"https:\/\/www.europesays.com\/fr\/wp-json\/wp\/v2\/comments?post=647913"}],"version-history":[{"count":0,"href":"https:\/\/www.europesays.com\/fr\/wp-json\/wp\/v2\/posts\/647913\/revisions"}],"wp:featuredmedia":[{"embeddable":true,"href":"https:\/\/www.europesays.com\/fr\/wp-json\/wp\/v2\/media\/647914"}],"wp:attachment":[{"href":"https:\/\/www.europesays.com\/fr\/wp-json\/wp\/v2\/media?parent=647913"}],"wp:term":[{"taxonomy":"category","embeddable":true,"href":"https:\/\/www.europesays.com\/fr\/wp-json\/wp\/v2\/categories?post=647913"},{"taxonomy":"post_tag","embeddable":true,"href":"https:\/\/www.europesays.com\/fr\/wp-json\/wp\/v2\/tags?post=647913"}],"curies":[{"name":"wp","href":"https:\/\/api.w.org\/{rel}","templated":true}]}}