{"id":647917,"date":"2026-01-07T21:03:17","date_gmt":"2026-01-07T21:03:17","guid":{"rendered":"https:\/\/www.europesays.com\/fr\/647917\/"},"modified":"2026-01-07T21:03:17","modified_gmt":"2026-01-07T21:03:17","slug":"lol-arrive-genesio-na-pas-fini-de-pleurer","status":"publish","type":"post","link":"https:\/\/www.europesays.com\/fr\/647917\/","title":{"rendered":"L\u2019OL arrive, Genesio n\u2019a pas fini de pleurer"},"content":{"rendered":"<p><b>En col\u00e8re contre l\u2019arbitrage apr\u00e8s la d\u00e9faite contre le Stade Rennais (0-2) samedi, Bruno Genesio n\u2019aborde pas ses retrouvailles avec l\u2019Olympique Lyonnais dans les meilleures conditions. Et pour ne rien arranger, l\u2019entra\u00eeneur du LOSC devra composer avec des absents pour ce 16e de finale de <a href=\"https:\/\/www.foot01.com\/coupe-de-france\" title=\"Coupe de France\" target=\"_blank\" rel=\"noopener\">Coupe de France<\/a> dimanche.<\/b>Attendu au Stade Pierre-Mauroy dimanche, <a href=\"https:\/\/www.foot01.com\/equipe\/ol\/\" target=\"_blank\" rel=\"noopener\">l\u2019Olympique Lyonnais<\/a> risque de tomber sur un Bruno Genesio de mauvaise humeur. L\u2019entra\u00eeneur de Lille n\u2019a pas d\u00fb retrouver le sourire apr\u00e8s la d\u00e9faite \u00e0 domicile contre le Stade Rennais. Au-del\u00e0 du r\u00e9sultat, le technicien a surtout piqu\u00e9 une col\u00e8re contre Eric Watellier. L\u2019arbitre de la rencontre a exclu le d\u00e9fenseur lillois Alexsandro d\u00e8s la 13e minute et s\u2019est attir\u00e9 les foudres du coach nordiste, retenu par ses joueurs alors qu\u2019il venait demander des explications \u00e0 l\u2019officiel \u00e0 la mi-temps sur le terrain.\u00ab Depuis hier y&rsquo;a que des merdes, c&rsquo;est pire encore que l&rsquo;ann\u00e9e derni\u00e8re, lui c&rsquo;est le number one, lui c&rsquo;est le top du top \u00bb, l\u00e2chait Bruno Genesio dans les couloirs de l\u2019enceinte, avant de zapper la conf\u00e9rence de presse une heure plus tard. A l\u2019aff\u00fbt, le Conseil national de l\u2019\u00e9thique s\u2019est saisi du dossier et la commission de discipline pourrait bien suspendre l\u2019ancien entra\u00eeneur de l\u2019Olympique Lyonnais. Ce n\u2019est pas le contexte id\u00e9al pour pr\u00e9parer un 16e de finale de <a href=\"https:\/\/www.foot01.com\/coupe-de-france\" title=\"Coupe de France\" target=\"_blank\" rel=\"noopener\">Coupe de France<\/a>. D\u2019autant que Bruno Genesio devra encore composer avec des absences.Mbemba et Mukau trop justes ?<\/p>\n<p>Toujours en course pour un sacre en Coupe d\u2019Afrique des Nations, l\u2019Alg\u00e9rien A\u00efssa Mandi et le Marocain Hamza Igamane manquent \u00e0 l\u2019appel. Quant aux Congolais Chancel Mbemba et Ngal&rsquo;ayel Mukau, \u00e9limin\u00e9s par les Fennecs lundi, leurs retours \u00e0 temps paraissent incertains. Une chose est s\u00fbre, c\u2019est que le Br\u00e9silien Alexsandro sera suspendu apr\u00e8s son carton rouge. Et \u00e7a, Bruno Genesio n\u2019est pas pr\u00e8s de l\u2019oublier.<\/p>\n<p><img decoding=\"async\" class=\"w-6 h-6\" src=\"https:\/\/www.europesays.com\/fr\/wp-content\/uploads\/2025\/12\/307.png\" alt=\"\"\/>Coupe de France11 janvier 2026 \u00e0 21:00<\/p>\n","protected":false},"excerpt":{"rendered":"En col\u00e8re contre l\u2019arbitrage apr\u00e8s la d\u00e9faite contre le Stade Rennais (0-2) samedi, Bruno Genesio n\u2019aborde pas ses&hellip;\n","protected":false},"author":2,"featured_media":647918,"comment_status":"","ping_status":"","sticky":false,"template":"","format":"standard","meta":{"footnotes":""},"categories":[1410],"tags":[83,63,1011,27,2267,241,60],"class_list":{"0":"post-647917","1":"post","2":"type-post","3":"status-publish","4":"format-standard","5":"has-post-thumbnail","7":"category-football","8":"tag-coupe-de-france","9":"tag-football","10":"tag-fr","11":"tag-france","12":"tag-losc","13":"tag-ol","14":"tag-sports"},"share_on_mastodon":{"url":"https:\/\/pubeurope.com\/@fr\/115855845242489870","error":""},"_links":{"self":[{"href":"https:\/\/www.europesays.com\/fr\/wp-json\/wp\/v2\/posts\/647917","targetHints":{"allow":["GET"]}}],"collection":[{"href":"https:\/\/www.europesays.com\/fr\/wp-json\/wp\/v2\/posts"}],"about":[{"href":"https:\/\/www.europesays.com\/fr\/wp-json\/wp\/v2\/types\/post"}],"author":[{"embeddable":true,"href":"https:\/\/www.europesays.com\/fr\/wp-json\/wp\/v2\/users\/2"}],"replies":[{"embeddable":true,"href":"https:\/\/www.europesays.com\/fr\/wp-json\/wp\/v2\/comments?post=647917"}],"version-history":[{"count":0,"href":"https:\/\/www.europesays.com\/fr\/wp-json\/wp\/v2\/posts\/647917\/revisions"}],"wp:featuredmedia":[{"embeddable":true,"href":"https:\/\/www.europesays.com\/fr\/wp-json\/wp\/v2\/media\/647918"}],"wp:attachment":[{"href":"https:\/\/www.europesays.com\/fr\/wp-json\/wp\/v2\/media?parent=647917"}],"wp:term":[{"taxonomy":"category","embeddable":true,"href":"https:\/\/www.europesays.com\/fr\/wp-json\/wp\/v2\/categories?post=647917"},{"taxonomy":"post_tag","embeddable":true,"href":"https:\/\/www.europesays.com\/fr\/wp-json\/wp\/v2\/tags?post=647917"}],"curies":[{"name":"wp","href":"https:\/\/api.w.org\/{rel}","templated":true}]}}