{"id":647920,"date":"2026-01-07T21:05:15","date_gmt":"2026-01-07T21:05:15","guid":{"rendered":"https:\/\/www.europesays.com\/fr\/647920\/"},"modified":"2026-01-07T21:05:15","modified_gmt":"2026-01-07T21:05:15","slug":"jai-mis-le-livre-dans-ma-valise-et-je-suis-parti-un-photographe-sur-les-pas-de-pierre-loti-en-egypte","status":"publish","type":"post","link":"https:\/\/www.europesays.com\/fr\/647920\/","title":{"rendered":"\u00ab\u00a0J\u2019ai mis le livre dans ma valise et je suis parti\u00a0\u00bb, un photographe sur les pas de Pierre Loti en \u00c9gypte"},"content":{"rendered":"<p>Le\u00a0Caire, Assouan\u2026 L\u2019infatigable \u00e9crivain voyageur visite les temples d\u2019Abou Simbel et de Phil\u00e6. Plus de 100 ans plus tard, Michel Claverie, docteur en m\u00e9decine de son \u00e9tat, mettra ses pas dans les siens. \u00ab\u00a0En 2023, j\u2019ai vu arriver toutes ces festivit\u00e9s pour le centenaire de la mort de Loti, t\u00e9moigne Michel Claverie. J\u2019avais d\u00e9j\u00e0 programm\u00e9 ce voyage en \u00c9gypte, je suis donc parti avec \u00ab\u00a0La Mort de Phil\u00e6\u00a0\u00bb dans ma valise.\u00a0\u00bb<\/p>\n<p>        <img decoding=\"async\" id=\"27313901\" src=\"https:\/\/www.europesays.com\/fr\/wp-content\/uploads\/2026\/01\/23-philae-ii-pour-dv.jpg\" alt=\"La m\u00e9thode st\u00e9nop\u00e9 permet un effet vintage propice aux r\u00e9cits de voyage de Pierre Loti.\" itemprop=\"contentURL\"\/><\/p>\n<p>    La m\u00e9thode st\u00e9nop\u00e9 permet un effet vintage propice aux r\u00e9cits de voyage de Pierre Loti.<\/p>\n<p>Michel Claverie<\/p>\n<p>    Un flou artistique<\/p>\n<p>Le voyageur applique la m\u00e9thode st\u00e9nop\u00e9 en photographie. \u00ab\u00a0Le principe est de ne pas utiliser d\u2019objectif mais de prendre une photo \u00e0 travers un trou minuscule dans un cache, reprend Michel Claverie. Cela donne un effet particulier un peu vintage, une sorte de flou artistique.\u00a0\u00bb Le photographe amateur qu\u2019il est aime cette technique synonyme de lenteur et de d\u00e9sescalade technologique. \u00ab\u00a0Apr\u00e8s les visites avec le guide, je prenais un moment seul \u00e0 installer mon tr\u00e9pied et \u00e0 faire les prises de vues. Je trouvais que cela cadrait bien avec l\u2019\u00e9poque de Pierre Loti qui lui-m\u00eame pratiquait la photo sur plaques de verre et j\u2019avais vraiment l\u2019impression qu\u2019il avait march\u00e9 au m\u00eame endroit que moi une semaine auparavant. Quand j\u2019ai montr\u00e9 mes clich\u00e9s \u00e0 Alain Quella-Vill\u00e9ger, historien et sp\u00e9cialiste de l\u2019\u00e9crivain, il m\u2019a dit qu\u2019il y avait une correspondance entre les photos et les textes de \u00ab\u00a0La Mort de Phil\u00e6\u00a0\u00bb. L\u2019id\u00e9e est donc venue de les mettre en miroir dans une exposition et un livre qu\u2019il m\u2019a fait l\u2019honneur de pr\u00e9facer.\u00a0\u00bb<\/p>\n<p>        <img decoding=\"async\" id=\"27313904\" src=\"https:\/\/www.europesays.com\/fr\/wp-content\/uploads\/2026\/01\/8-thebes-iii-pour-dv.jpg\" alt=\"En 1907, Pierre Loti d\u00e9non\u00e7ait d\u00e9j\u00e0 la mont\u00e9e des eaux du Nil qui mena\u00e7ait les temples de Phil\u00e6.\" itemprop=\"contentURL\"\/><\/p>\n<p>    En 1907, Pierre Loti d\u00e9non\u00e7ait d\u00e9j\u00e0 la mont\u00e9e des eaux du Nil qui mena\u00e7ait les temples de Phil\u00e6.<\/p>\n<p>Michel Claverie<\/p>\n<blockquote><p>\u00ab J\u2019avais vraiment l\u2019impression qu\u2019il avait march\u00e9 au m\u00eame endroit que moi une semaine auparavant \u00bb<\/p><\/blockquote>\n<p>Un lanceur d\u2019alerte<\/p>\n<p>Le voyage a \u00e9t\u00e9 l\u2019occasion \u00e9galement de prendre conscience du c\u00f4t\u00e9 visionnaire de Loti. \u00ab\u00a0Il a alert\u00e9 sur la mont\u00e9e du Nil en 1907, conclut Michel Claverie. Il \u00e9tait d\u00e9j\u00e0 oblig\u00e9 de se promener entre les temples en barque \u00e0 cause des barrages \u00e9rig\u00e9s par les Anglais. Il a donc saisi l\u2019occasion dans ce livre de d\u00e9noncer le colonialisme et ses m\u00e9faits. Finalement, comme ces temples \u00e9taient en danger, la d\u00e9cision a \u00e9t\u00e9 prise dans les ann\u00e9es 1960 de les d\u00e9monter pierre par pierre et de les remonter dans une \u00eele voisine inaccessible au fleuve. C\u2019est ainsi qu\u2019\u00e0 la tribune de l\u2019Unesco, de grands scientifiques et de grands \u00e9gyptologues ont cit\u00e9 le nom de Pierre Loti comme lanceur d\u2019alerte\u00a0!\u00a0\u00bb<\/p>\n<p>    Une souscription et une exposition<br \/>\n\u00ab\u00a0Dernier voyage, un dialogue photographique avec Pierre Loti\u00a0\u00bb est en \u00e9dition limit\u00e9e, num\u00e9rot\u00e9e et sign\u00e9e par l\u2019auteur actuellement en financement participatif sur la plateforme de l\u2019\u00e9diteur Corridor Elephant <a href=\"https:\/\/www.corridorelephant.com\/michel-claverie\" target=\"_blank\" rel=\"nofollow noopener\">www.corridorelephant.com\/michel-claverie<\/a>.<br \/>L\u2019exposition se tiendra du 9 au 15\u00a0janvier de 10 \u00e0 19\u00a0heures \u00e0 la salle Aurore, rue Jean-Jaur\u00e8s, en pr\u00e9sence de l\u2019auteur.<\/p>\n","protected":false},"excerpt":{"rendered":"Le\u00a0Caire, Assouan\u2026 L\u2019infatigable \u00e9crivain voyageur visite les temples d\u2019Abou Simbel et de Phil\u00e6. Plus de 100 ans plus&hellip;\n","protected":false},"author":2,"featured_media":647921,"comment_status":"","ping_status":"","sticky":false,"template":"","format":"standard","meta":{"footnotes":""},"categories":[1358],"tags":[1348,1384,1385,1386,58,59,1011,27],"class_list":{"0":"post-647920","1":"post","2":"type-post","3":"status-publish","4":"format-standard","5":"has-post-thumbnail","7":"category-arts-et-design","8":"tag-arts","9":"tag-arts-and-design","10":"tag-arts-et-design","11":"tag-design","12":"tag-divertissement","13":"tag-entertainment","14":"tag-fr","15":"tag-france"},"share_on_mastodon":{"url":"https:\/\/pubeurope.com\/@fr\/115855853077626370","error":""},"_links":{"self":[{"href":"https:\/\/www.europesays.com\/fr\/wp-json\/wp\/v2\/posts\/647920","targetHints":{"allow":["GET"]}}],"collection":[{"href":"https:\/\/www.europesays.com\/fr\/wp-json\/wp\/v2\/posts"}],"about":[{"href":"https:\/\/www.europesays.com\/fr\/wp-json\/wp\/v2\/types\/post"}],"author":[{"embeddable":true,"href":"https:\/\/www.europesays.com\/fr\/wp-json\/wp\/v2\/users\/2"}],"replies":[{"embeddable":true,"href":"https:\/\/www.europesays.com\/fr\/wp-json\/wp\/v2\/comments?post=647920"}],"version-history":[{"count":0,"href":"https:\/\/www.europesays.com\/fr\/wp-json\/wp\/v2\/posts\/647920\/revisions"}],"wp:featuredmedia":[{"embeddable":true,"href":"https:\/\/www.europesays.com\/fr\/wp-json\/wp\/v2\/media\/647921"}],"wp:attachment":[{"href":"https:\/\/www.europesays.com\/fr\/wp-json\/wp\/v2\/media?parent=647920"}],"wp:term":[{"taxonomy":"category","embeddable":true,"href":"https:\/\/www.europesays.com\/fr\/wp-json\/wp\/v2\/categories?post=647920"},{"taxonomy":"post_tag","embeddable":true,"href":"https:\/\/www.europesays.com\/fr\/wp-json\/wp\/v2\/tags?post=647920"}],"curies":[{"name":"wp","href":"https:\/\/api.w.org\/{rel}","templated":true}]}}