{"id":647930,"date":"2026-01-07T21:11:12","date_gmt":"2026-01-07T21:11:12","guid":{"rendered":"https:\/\/www.europesays.com\/fr\/647930\/"},"modified":"2026-01-07T21:11:12","modified_gmt":"2026-01-07T21:11:12","slug":"clement-noel-troisieme-de-la-premiere-manche-tres-serree-du-slalom-de-madonna-di-campiglio-tanguy-nef-en-tete-lequipe","status":"publish","type":"post","link":"https:\/\/www.europesays.com\/fr\/647930\/","title":{"rendered":"Cl\u00e9ment No\u00ebl troisi\u00e8me de la premi\u00e8re manche tr\u00e8s serr\u00e9e du slalom de Madonna di Campiglio, Tanguy Nef en t\u00eate &#8211; L&#039;\u00c9quipe"},"content":{"rendered":"<ol>\n<li><a href=\"https:\/\/news.google.com\/rss\/articles\/CBMi8gFBVV95cUxOV0t3Wm92c1diaktyRU1wYi1TYWU1SnNGQkpMYUlGTlFxaklGZU04eXFhNGNjamJIUlA3RHFpZ0paTEg2eHZBUFNTSDJwcENfeWE5dS1KWXFzQnlkbnI0WGR5VkJpVHRjZWpzZmhnQWlRejE1Z29iRVE2ckVTazdfT2R3T2J6dGdqOFZzVG1Oc3gxRHpvUzMwWmE4ZG9lQ2xmbkZ2U0pySEpTUkhYeHNtbDV1VFJHR1BiMm9UN1pTZXVXaVktR2liRVp5WWs2MW93ZVpNZ0M5a3dxemdFTnptMUJVeEd0bTNlUDYyQ2YxRTItdw?oc=5\" target=\"_blank\" rel=\"noopener\">Cl\u00e9ment No\u00ebl troisi\u00e8me de la premi\u00e8re manche tr\u00e8s serr\u00e9e du slalom de Madonna di Campiglio, Tanguy Nef en t\u00eate<\/a>&nbsp;&nbsp;L&rsquo;\u00c9quipe<\/li>\n<li><a href=\"https:\/\/news.google.com\/rss\/articles\/CBMivAFBVV95cUxOVF92WWNwS0pwSlFUYXYzbWRvUW5fQ2VSbGxPMlBVWEctbGc2eEFOeTJRUFFSdTNaaUtLdUl4RGVNUERFdW9qMG5VTHZxMHdWYnpVNzlxUDFGLXNNbWs1OUl2eEt4eC0tdVVSdWp3YmhqUEVxbFZiaExXU3VKVXhzdklneGEyQzFoQ1BMb3pQZEZJajlGSUJlQWpHTFB0TmNnblJSMWpPVDRFejBvX05tQUllRnAxaXhuVG5rUg?oc=5\" target=\"_blank\" rel=\"noopener\">Coupe du monde de ski alpin- Madonna di Campiglio : Suivez le slalom nocturne messieurs EN DIRECT<\/a>&nbsp;&nbsp;Eurosport<\/li>\n<li><a href=\"https:\/\/news.google.com\/rss\/articles\/CBMi-AFBVV95cUxPLTk1Q3hvd1FnR2RhaWlkenQzeUtXNk9MSUNfd0ZsVzlpZXdqQ1lyeUh0dGwzRDNFd1VxNXJzNXJyb3FSenJyRXBfZmstNi1zNjFWaGVvUEZ0cGl3a20zSVdweWJNeWk3WTEySUVMZWF3c2wwaDRuSzdWZVNBUl9ITE15cGEtOW1PQUZBRHF6YjF6a2dRbVNkX1JCRE44ZEZWc2pSZmlwVjZlZTh6Z2JzVTBSZ3BDX3k0NGI5a1lndEdrTHZlZUk4RUdNQVJyb1hmblkzVk1wdEFuOUFlMDdnLUE5UnR6TFZibkl6VTJ6Q045SDVRNHlUWtIB9wFBVV95cUxOcEk1NDBEemRWaW1IRHZ2MVRLRVBNTl9CM1g5WnJGUXJJTFBrT0xabWdWM0ktVjhPeFExUW9CMGJiRU5UUTdmcno1SlpTRmpsQnBBYmt4WnltOHROT3RhRWJxOXdnaWlrbXB3cU11V0NCRGRsN2R1bFhzRkQ3cndXTXhCS19aSF9YbGVZdW44aHBCY0xDbWhRX1N5TURpS1pGb0pvZEU5SjNHZHZqeUs2NUZBelllWkZ2cS1vSkZfVWRLRmZmeGVRd2g3RXAtSHZNMGhXZ2FXSC1HYzNMcDFUVlhzNzdNTUVRODdrQ3hrWmJEcU5EbWhN?oc=5\" target=\"_blank\" rel=\"noopener\">Slalom de Madonna di Campiglio (H) : Hallberg leader de la premi\u00e8re manche, No\u00ebl troisi\u00e8me : Sports &#8211; Orange<\/a>&nbsp;&nbsp;Sports &#8211; Orange<\/li>\n<li><a href=\"https:\/\/news.google.com\/rss\/articles\/CBMiywFBVV95cUxQZGlqTDVPUmluZDRoRW9mQ0JSb2pZSjVuTHVkbUVybmdKUDBZM3gxVWFtSEZZWkN6dlV2VzI0UEozbk5SRUhYY0V6N2JoSlA1RFZIYTVKMlg3UGZSaVM3dnBqbHd6SUVmY0MzQXhMenVhZzJVR0RIUENsOW5JQmRUdHBpVFcwVFFya2tablhINmZQOWVWUGMtdjZXQktCdkY3MUg2bVlxVnBjb3lMMndvUV9ZOEZpdXp3bWY0ZjBCZzRldW81bnFETlZTWQ?oc=5\" target=\"_blank\" rel=\"noopener\">Tanguy Nef aux avant-postes apr\u00e8s la 1re manche<\/a>&nbsp;&nbsp;rts.ch<\/li>\n<li><a href=\"https:\/\/news.google.com\/rss\/articles\/CBMi0wFBVV95cUxPZVdmbzAzU1FKY2d3NUhxRTJlRVJ4MUp3c1l6eDloVVZ4OS1zQm1oNEt3SUp2ek80cEZmdXBtejl2WTVJcWU1OHB4OWxaOVF6Z0tCWFYzRi1EeGVpWGZtOWh5MFd6cXVjdDY1dVpxRzZoRE1tLU9JYm9JSml6Q2dESDZhRFdxVk1IckszTUhEemlVNFZyRUx6b3lFSEdVRHF3bmRyUWM4Y2VjUVdQcnRMeUVwTnI5VFQ2OHJVcmNzOUZNV2xLVkhDaVRjZHZwczRJcE5z?oc=5\" target=\"_blank\" rel=\"noopener\">Eduard Hallberg en t\u00eate d&rsquo;une premi\u00e8re manche tr\u00e8s serr\u00e9e&#8230; Suivez le slalom hommes de Madonna<\/a>&nbsp;&nbsp;Le Dauphin\u00e9 Lib\u00e9r\u00e9<\/li>\n<\/ol>\n","protected":false},"excerpt":{"rendered":"Cl\u00e9ment No\u00ebl troisi\u00e8me de la premi\u00e8re manche tr\u00e8s serr\u00e9e du slalom de Madonna di Campiglio, Tanguy Nef en&hellip;\n","protected":false},"author":2,"featured_media":647931,"comment_status":"","ping_status":"","sticky":false,"template":"","format":"standard","meta":{"footnotes":""},"categories":[9],"tags":[1011,27,60],"class_list":{"0":"post-647930","1":"post","2":"type-post","3":"status-publish","4":"format-standard","5":"has-post-thumbnail","7":"category-sports","8":"tag-fr","9":"tag-france","10":"tag-sports"},"share_on_mastodon":{"url":"https:\/\/pubeurope.com\/@fr\/115855876802679837","error":""},"_links":{"self":[{"href":"https:\/\/www.europesays.com\/fr\/wp-json\/wp\/v2\/posts\/647930","targetHints":{"allow":["GET"]}}],"collection":[{"href":"https:\/\/www.europesays.com\/fr\/wp-json\/wp\/v2\/posts"}],"about":[{"href":"https:\/\/www.europesays.com\/fr\/wp-json\/wp\/v2\/types\/post"}],"author":[{"embeddable":true,"href":"https:\/\/www.europesays.com\/fr\/wp-json\/wp\/v2\/users\/2"}],"replies":[{"embeddable":true,"href":"https:\/\/www.europesays.com\/fr\/wp-json\/wp\/v2\/comments?post=647930"}],"version-history":[{"count":0,"href":"https:\/\/www.europesays.com\/fr\/wp-json\/wp\/v2\/posts\/647930\/revisions"}],"wp:featuredmedia":[{"embeddable":true,"href":"https:\/\/www.europesays.com\/fr\/wp-json\/wp\/v2\/media\/647931"}],"wp:attachment":[{"href":"https:\/\/www.europesays.com\/fr\/wp-json\/wp\/v2\/media?parent=647930"}],"wp:term":[{"taxonomy":"category","embeddable":true,"href":"https:\/\/www.europesays.com\/fr\/wp-json\/wp\/v2\/categories?post=647930"},{"taxonomy":"post_tag","embeddable":true,"href":"https:\/\/www.europesays.com\/fr\/wp-json\/wp\/v2\/tags?post=647930"}],"curies":[{"name":"wp","href":"https:\/\/api.w.org\/{rel}","templated":true}]}}