{"id":647936,"date":"2026-01-07T21:14:16","date_gmt":"2026-01-07T21:14:16","guid":{"rendered":"https:\/\/www.europesays.com\/fr\/647936\/"},"modified":"2026-01-07T21:14:16","modified_gmt":"2026-01-07T21:14:16","slug":"arts-de-la-table-le-verrier-arc-place-en-redressement-judiciaire-07-01-2026-a-1918","status":"publish","type":"post","link":"https:\/\/www.europesays.com\/fr\/647936\/","title":{"rendered":"Arts de la table: le verrier Arc plac\u00e9 en redressement judiciaire &#8211; 07\/01\/2026 \u00e0 19:18"},"content":{"rendered":"<p>        <img decoding=\"async\" src=\"https:\/\/www.europesays.com\/fr\/wp-content\/uploads\/2026\/01\/4c7d4fac17e29e83efdac25173ffeb51-760x539.jpg\" alt=\"Arc France, grand fabricant historique de produits en verre pour les arts de la table, annonce avoir demand\u00e9 son placement en redressement judiciaire  ( AFP \/ Denis Charlet )\" loading=\"eager\" fetchpriority=\"high\" width=\"760\" height=\"539\" style=\"max-width: 100%!important; height: auto;\"\/><\/p>\n<p class=\"c-image-news__legend\">Arc France, grand fabricant historique de produits en verre pour les arts de la table, annonce avoir demand\u00e9 son placement en redressement judiciaire  ( AFP \/ Denis Charlet )<\/p>\n<p>\n Arc France, grand fabricant historique de produits en verre pour les arts de la table, a \u00e9t\u00e9 plac\u00e9 mercredi en redressement judiciaire en raison d&rsquo;une \u00ab\u00a0d\u00e9gradation s\u00e9v\u00e8re et continue\u00a0\u00bb de son environnement de march\u00e9, faisant redouter des centaines de suppressions d&#8217;emplois.\n<\/p>\n<p>\n Ce groupe bicentenaire, qui emploie 5.700 salari\u00e9s dans le monde, dont encore 3.500 \u00e0 Arques (Pas-de-Calais), o\u00f9 sont bas\u00e9s sa principale usine et son si\u00e8ge social, a b\u00e9n\u00e9fici\u00e9 par le pass\u00e9 de multiples plans de refinancement soutenus par l&rsquo;\u00c9tat, le dernier il y a un an \u00e0 peine.\n<\/p>\n<p>\n Le tribunal de commerce de Lille M\u00e9tropole a valid\u00e9 mercredi sa demande de placement en redressement judiciaire.\n<\/p>\n<p>\n C&rsquo;est \u00ab\u00a0le seul cadre l\u00e9gal et possible pour permettre \u00e0 Arc de s&rsquo;adapter durablement \u00e0 un environnement de march\u00e9 profond\u00e9ment d\u00e9grad\u00e9\u00a0\u00bb, estime le directeur g\u00e9n\u00e9ral d&rsquo;Arc France Nick Hodler, cit\u00e9 dans un communiqu\u00e9 du groupe.\n<\/p>\n<p>\n \u00ab\u00a0Notre mod\u00e8le doit encore se transformer en profondeur (&#8230;), en revoyant notre sch\u00e9ma industriel et donc en r\u00e9duisant nos effectifs\u00a0\u00bb, pr\u00e9vient M. Hodler.\n<\/p>\n<p>\n \u00ab\u00a0Il y a plusieurs centaines d&#8217;emplois qui sont clairement en jeu, \u00e7a pourrait \u00eatre de l&rsquo;ordre de 500 personnes\u00a0\u00bb, craint Fr\u00e9d\u00e9ric Specque, d\u00e9l\u00e9gu\u00e9 syndical central CGT au sein d&rsquo;Arc France, interrog\u00e9 par l&rsquo;AFP.\n<\/p>\n<p> &#8211; Une offre de reprise &#8211;<\/p>\n<p>        <img decoding=\"async\" src=\"https:\/\/www.europesays.com\/fr\/wp-content\/uploads\/2026\/01\/7a4913a33cb879bad4d2d6db1fb6ebba-760x537.jpg\" alt=\"Le groupe Arc France, bicentenaire, emploie encore 3.500 salari\u00e9s \u00e0 Arques, dans le Pas-de-Calais ( AFP \/ Denis Charlet )\" loading=\"eager\" fetchpriority=\"high\" width=\"760\" height=\"537\" style=\"max-width: 100%!important; height: auto;\"\/><\/p>\n<p class=\"c-image-news__legend\">Le groupe Arc France, bicentenaire, emploie encore 3.500 salari\u00e9s \u00e0 Arques, dans le Pas-de-Calais ( AFP \/ Denis Charlet )<\/p>\n<p>\n L&rsquo;environnement de march\u00e9 pour Arc est tr\u00e8s difficile, confirme ce syndicaliste, entre \u00ab\u00a0la baisse de la consommation et la baisse du pouvoir d&rsquo;achat\u00a0\u00bb et la concurrence effr\u00e9n\u00e9e des produits import\u00e9s d&rsquo;Asie.\n<\/p>\n<p>\n \u00ab\u00a0On est envahi de produits chinois qui copient les n\u00f4tres sans la qualit\u00e9, mais qui sont quatre \u00e0 cinq fois moins chers. Donc tant qu&rsquo;on aura \u00e7a, on peut faire tous les plans qu&rsquo;on veut, on sera toujours trop chers\u00a0\u00bb, regrette M. Specque.\n<\/p>\n<p>\n Timoth\u00e9e Durand, membre d&rsquo;une famille de propri\u00e9taires historiques d&rsquo;Arc o\u00f9 il a pass\u00e9 la majeure partie de sa carri\u00e8re jusqu&rsquo;en 2024, va pr\u00e9senter un projet de reprise, pr\u00e9cise l&rsquo;entreprise dans son communiqu\u00e9, qualifiant cette offre de \u00ab\u00a0s\u00e9rieuse\u00a0\u00bb et \u00ab\u00a0r\u00e9aliste\u00a0\u00bb.\n<\/p>\n<p>\n \u00ab\u00a0Il a Arc dans les tripes, je pense qu&rsquo;il a envie que la bo\u00eete de son grand-p\u00e8re continue, que les bo\u00eetes fran\u00e7aises continuent\u00a0\u00bb, esp\u00e8re Patrice Bollengier, d\u00e9l\u00e9gu\u00e9 syndical CFE-CGC.\n<\/p>\n<p>\n Timoth\u00e9e Durand avait d\u00e9j\u00e0 propos\u00e9 une offre de reprise en 2024, alors rejet\u00e9e, m\u00eame si son projet \u00e9tait \u00ab\u00a0coh\u00e9rent\u00a0\u00bb, selon ce syndicaliste.\n<\/p>\n<p>\n \u00ab\u00a0L\u2019\u00c9tat sera attentif aux cons\u00e9quences humaines et sociales\u00a0\u00bb de ce redressement judiciaire, \u00ab\u00a0dans la continuit\u00e9 du soutien apport\u00e9 par l&rsquo;\u00c9tat \u00e0 ce groupe depuis plusieurs ann\u00e9es\u00a0\u00bb, a r\u00e9agi le ministre d\u00e9l\u00e9gu\u00e9 \u00e0 l&rsquo;Industrie S\u00e9bastien Martin dans une d\u00e9claration transmise \u00e0 l&rsquo;AFP.\n<\/p>\n<p>\n Le ministre compte rencontrer jeudi M. Durand, a-t-il pr\u00e9cis\u00e9, tout en soulignant que \u00ab\u00a0l&rsquo;Etat examinerait avec s\u00e9rieux\u00a0\u00bb toutes les autres offres de reprise \u00e9ventuelles\n<\/p>\n<p>\n Le pr\u00e9fet du Pas-de-Calais, les pr\u00e9sidents de la r\u00e9gion Hauts-de-France Xavier Bertrand (LR) et du d\u00e9partement Jean-Claude Leroy (PS), ainsi que d&rsquo;autres \u00e9lus locaux doivent recevoir jeudi \u00e0 Arras les organisations syndicales d&rsquo;Arc pour \u00ab\u00a0\u00e9changer sur la situation, le d\u00e9roulement de la proc\u00e9dure et les dispositifs d&rsquo;accompagnement susceptibles d&rsquo;\u00eatre mobilis\u00e9s\u00a0\u00bb, selon un communiqu\u00e9 commun.\n<\/p>\n<p>\n Fond\u00e9 en 1825, Arc produit notamment de la vaisselle (verres, assiettes) sous ses marques Arcoroc, Luminarc, Cristal d&rsquo;Arques Paris et Chef&amp;Sommelier, mais aussi des produits d&rsquo;entr\u00e9e de gamme pour le g\u00e9ant su\u00e9dois de l&rsquo;ameublement Ikea.\n<\/p>\n<p>\n Mais le groupe fait face \u00e0 des difficult\u00e9s chroniques depuis les ann\u00e9es 2000: en 20 ans, ses effectifs \u00e0 Arques ont \u00e9t\u00e9 presque divis\u00e9s par trois. Il avait failli dispara\u00eetre en 2014, avant d&rsquo;\u00eatre rachet\u00e9 l&rsquo;ann\u00e9e suivante par un investisseur am\u00e9ricain, Dick Cashin.\n<\/p>\n<p>\n Le groupe revendique pour 2024 un chiffre d&rsquo;affaires de 688 millions d&rsquo;euros au niveau mondial, dont un peu plus de 400 millions d&rsquo;euros pour Arc France, soci\u00e9t\u00e9 accusant des pertes chroniques depuis des ann\u00e9es et tr\u00e8s endett\u00e9e.\n<\/p>\n<p>\n La perte nette d&rsquo;Arc France s&rsquo;\u00e9levait \u00e0 plus de 32 millions d&rsquo;euros en 2024, d&rsquo;apr\u00e8s des documents financiers disponibles en lignes.\n<\/p>\n<p>\n Ces derni\u00e8res ann\u00e9es, Arc France a \u00e9t\u00e9 durement touch\u00e9e par la pand\u00e9mie de Covid-19, la flamb\u00e9e des co\u00fbts de l&rsquo;\u00e9nergie et l&rsquo;inflation, et a aussi souffert des inondations historiques dans le Pas-de-Calais en 2023-2024.\n<\/p>\n<p>\n D\u00e9but 2025? un plan de refinancement de 42 millions d&rsquo;euros avait \u00e9t\u00e9 valid\u00e9 par la justice, avec l&rsquo;arriv\u00e9e notamment de deux nouveaux actionnaires minoritaires.\n<\/p>\n<p>\n En parall\u00e8le, l&rsquo;\u00c9tat avait accord\u00e9 \u00e0 Arc un nouveau pr\u00eat de 30 millions d&rsquo;euros et renonc\u00e9 \u00e0 une partie de ses anciennes cr\u00e9ances, alors qu&rsquo;il avait d\u00e9j\u00e0 pr\u00eat\u00e9 plus de 138 millions d&rsquo;euros au groupe entre 2020 et 2023.<\/p>\n","protected":false},"excerpt":{"rendered":"Arc France, grand fabricant historique de produits en verre pour les arts de la table, annonce avoir demand\u00e9&hellip;\n","protected":false},"author":2,"featured_media":647937,"comment_status":"","ping_status":"","sticky":false,"template":"","format":"standard","meta":{"footnotes":""},"categories":[6],"tags":[400,398,408,35,405,33,34,1011,27,403,402,399,404,401,406,407],"class_list":{"0":"post-647936","1":"post","2":"type-post","3":"status-publish","4":"format-standard","5":"has-post-thumbnail","7":"category-economie","8":"tag-action-cac-40","9":"tag-bourse-de-paris","10":"tag-boursorama","11":"tag-business","12":"tag-cotations","13":"tag-economie","14":"tag-economy","15":"tag-fr","16":"tag-france","17":"tag-indices-devises","18":"tag-investir","19":"tag-investissement","20":"tag-marche-boursier","21":"tag-sicav","22":"tag-trackers","23":"tag-warrants"},"share_on_mastodon":{"url":"https:\/\/pubeurope.com\/@fr\/115855888684472281","error":""},"_links":{"self":[{"href":"https:\/\/www.europesays.com\/fr\/wp-json\/wp\/v2\/posts\/647936","targetHints":{"allow":["GET"]}}],"collection":[{"href":"https:\/\/www.europesays.com\/fr\/wp-json\/wp\/v2\/posts"}],"about":[{"href":"https:\/\/www.europesays.com\/fr\/wp-json\/wp\/v2\/types\/post"}],"author":[{"embeddable":true,"href":"https:\/\/www.europesays.com\/fr\/wp-json\/wp\/v2\/users\/2"}],"replies":[{"embeddable":true,"href":"https:\/\/www.europesays.com\/fr\/wp-json\/wp\/v2\/comments?post=647936"}],"version-history":[{"count":0,"href":"https:\/\/www.europesays.com\/fr\/wp-json\/wp\/v2\/posts\/647936\/revisions"}],"wp:featuredmedia":[{"embeddable":true,"href":"https:\/\/www.europesays.com\/fr\/wp-json\/wp\/v2\/media\/647937"}],"wp:attachment":[{"href":"https:\/\/www.europesays.com\/fr\/wp-json\/wp\/v2\/media?parent=647936"}],"wp:term":[{"taxonomy":"category","embeddable":true,"href":"https:\/\/www.europesays.com\/fr\/wp-json\/wp\/v2\/categories?post=647936"},{"taxonomy":"post_tag","embeddable":true,"href":"https:\/\/www.europesays.com\/fr\/wp-json\/wp\/v2\/tags?post=647936"}],"curies":[{"name":"wp","href":"https:\/\/api.w.org\/{rel}","templated":true}]}}