{"id":647938,"date":"2026-01-07T21:15:08","date_gmt":"2026-01-07T21:15:08","guid":{"rendered":"https:\/\/www.europesays.com\/fr\/647938\/"},"modified":"2026-01-07T21:15:08","modified_gmt":"2026-01-07T21:15:08","slug":"un-policier-de-lice-la-police-de-limmigration-americaine-abat-une-femme-dans-sa-voiture-a-minneapolis-le-monde-fr","status":"publish","type":"post","link":"https:\/\/www.europesays.com\/fr\/647938\/","title":{"rendered":"Un policier de l\u2019ICE, la police de l\u2019immigration am\u00e9ricaine, abat une femme dans sa voiture \u00e0 Minneapolis &#8211; Le Monde.fr"},"content":{"rendered":"<ol>\n<li><a href=\"https:\/\/news.google.com\/rss\/articles\/CBMi_AFBVV95cUxNZXAxdkc2N1J1eU56UnB5emVQZkd1NnVRUzZYS1dCMG03WXZnamxJWTBIT0NnaFZRXzdMMFp5Sk8xNlNESzNSZzN6bXV5TERhVnNERlpWWjQ1dUV6X2ZzOFowX1c2QVpoYmhkMHJSVFdpSUJ2bzBaOGJBVW9UaUp6WS14VUxnN3FrUlhQMjNOblc5d202bW14RG1LU0FpVExNdFVlRF9hSTVaMVpSUUNCY1h0X0dZa3AxUzJtSjEwTW5DWEdPbEJmRFpSbUgxMk1STkN6dmNiR2o0anFDOU9meFVReENXeGJFM2FuTnpEbm1lWmxSSGtsXzJnSFQ?oc=5\" target=\"_blank\" rel=\"noopener\">Un policier de l\u2019ICE, la police de l\u2019immigration am\u00e9ricaine, abat une femme dans sa voiture \u00e0 Minneapolis<\/a>&nbsp;&nbsp;Le Monde.fr<\/li>\n<li><a href=\"https:\/\/news.google.com\/rss\/articles\/CBMiiAJBVV95cUxNU0NkbjlGcS05R3dpNXBMT2NHVU5feUlzLTVpTUNNSUZ3WFA2OU5peUtUS25OZ09lUTJzM28xTG04dkZ0ZlVreGdIZDJoUU1ZZUVrWFJLZHh0T2FPZ213SGJhczk3eXdwMWFtbk90eDFMRkx6Zkw1YjhvUGh0NU1hemVGRmJTWUpHZDZIV0ExcjNUWDBETmhJOXc4allHUy1PUU04UFVHRmNYTVZqVGNnSTZHV2lYUE5WTkVFVHJBaVZPNm1yMUp3Z1BlTXZFMTYtRFJ0MVlkVUxVbHJ4X1U0OUc5NExhallVZG9McTFCVXBFRnJ3LV80ckVYUDlneHNaSjlXVWFCUmE?oc=5\" target=\"_blank\" rel=\"noopener\">Une femme tu\u00e9e \u00e0 Minneapolis apr\u00e8s avoir \u00e9t\u00e9 touch\u00e9e par des tirs de la police de l&rsquo;immigration<\/a>&nbsp;&nbsp;BFM<\/li>\n<li><a href=\"https:\/\/news.google.com\/rss\/articles\/CBMikgJBVV95cUxPR2R3NVJuT3lTbEtNWEtxUzEyd3hlWkpBSHUyLTNLOUFQZGVDSjVSTWl6bHhJNU0ycDZ4MGUxcUVfcnBCWVF3dmdSLVhZODZrV2NxSm9pd3h5OGZWcGxnZ0FpRkZwajU5bjVSYzNCakI1SkxwV1pqUVJfVjJqV3VFMzhOZ1MxdjBXUFFYR1hncWdJOFRGNVZESjFGWmV6clBiVmV1dVlkTnYzemZzWExiUG50YmNqN0Y3anU3c3RNZkFLbEdqRVFFbjJRemhwaFQ4RnM2ZjhlbXVHbWpuNjJ6X3lJQ01tNzEtQnBjRVhBeXVUNnpFMzNUMHJxeHBZTW1FZE02aUU4SGw3dy04cUlPU2hR?oc=5\" target=\"_blank\" rel=\"noopener\">\u00c9tats-Unis : un agent de l\u2019ICE abat une femme, le minist\u00e8re de la S\u00e9curit\u00e9 int\u00e9rieure d\u00e9nonce un \u00ab acte de terrorisme int\u00e9rieur \u00bb<\/a>&nbsp;&nbsp;Sud Ouest<\/li>\n<li><a href=\"https:\/\/news.google.com\/rss\/articles\/CBMigAJBVV95cUxQYm9EWEJvczNZNllUOVJJT2tuUmt1VllFOG9LbWt1LVRTMDg1MXkwcGJuZGhnWU5jeVJmRUxkdWx4Wlk0Z1pfeGVOaWxDUS1NUHktaFNhSDg4U3BDTEppRlhDQWI0OGp1Q1ZxVzRBSXpIYVJCc3BRT01MRzA0RmI2RExWM3M1Qi1kNGZtZ2lZMmVOMlpSaHNvTnFlY2lRak91Ty1aWjE2R18tdzZhSFB5QkxCZTNpNF9VNE01REpBU194UEQ5VVVYS1hPNjNhT2FPY0NSRnZZc0hXV2hoeGZ4VVVQdUNySGc5YVYtVHJZZXctVUh1SzBXellNblVwMGVi?oc=5\" target=\"_blank\" rel=\"noopener\">Une femme abattue dans son SUV par la police de l\u2019immigration am\u00e9ricaine : les autorit\u00e9s \u00e9voquent un acte de \u00ab\u00a0l\u00e9gitime d\u00e9fense\u00a0\u00bb<\/a>&nbsp;&nbsp;Midi Libre<\/li>\n<li><a href=\"https:\/\/news.google.com\/rss\/articles\/CBMixgFBVV95cUxPTGliREFlVGF3dVViWEZUckc0endiOWlwZUJLc0xYYmxlRl9vNXdMMGZabF9YdGtmZ0N6OWRNdmgwWjI2SVFaYk05cGRGLURXSXc0aXM2dC1TVXQ4dTc2UDlJbE9HdE1QZGJrd3kzekxzYzdxeEttUUFYVDk3Z2Z5Y0dSYy1KNWdXczl2MmtrTHlXanNLVlFJUlFLS1ZPMFV2dkxzZ0h0Y25lTXhXMFd0RHd2VTJxRkxtbDlxRDkzY1NtNjkwbVE?oc=5\" target=\"_blank\" rel=\"noopener\">\u00ab Des tirs en plein visage \u00bb : une femme tu\u00e9e par un agent de l\u2019ICE \u00e0 Minneapolis<\/a>&nbsp;&nbsp;parismatch.com<\/li>\n<\/ol>\n","protected":false},"excerpt":{"rendered":"Un policier de l\u2019ICE, la police de l\u2019immigration am\u00e9ricaine, abat une femme dans sa voiture \u00e0 Minneapolis&nbsp;&nbsp;Le Monde.fr&hellip;\n","protected":false},"author":2,"featured_media":395849,"comment_status":"","ping_status":"","sticky":false,"template":"","format":"standard","meta":{"footnotes":""},"categories":[5],"tags":[11,1011,27,14,12,28],"class_list":{"0":"post-647938","1":"post","2":"type-post","3":"status-publish","4":"format-standard","5":"has-post-thumbnail","7":"category-international","8":"tag-actualites","9":"tag-fr","10":"tag-france","11":"tag-international","12":"tag-news","13":"tag-world"},"share_on_mastodon":{"url":"https:\/\/pubeurope.com\/@fr\/115855892493944798","error":""},"_links":{"self":[{"href":"https:\/\/www.europesays.com\/fr\/wp-json\/wp\/v2\/posts\/647938","targetHints":{"allow":["GET"]}}],"collection":[{"href":"https:\/\/www.europesays.com\/fr\/wp-json\/wp\/v2\/posts"}],"about":[{"href":"https:\/\/www.europesays.com\/fr\/wp-json\/wp\/v2\/types\/post"}],"author":[{"embeddable":true,"href":"https:\/\/www.europesays.com\/fr\/wp-json\/wp\/v2\/users\/2"}],"replies":[{"embeddable":true,"href":"https:\/\/www.europesays.com\/fr\/wp-json\/wp\/v2\/comments?post=647938"}],"version-history":[{"count":0,"href":"https:\/\/www.europesays.com\/fr\/wp-json\/wp\/v2\/posts\/647938\/revisions"}],"wp:featuredmedia":[{"embeddable":true,"href":"https:\/\/www.europesays.com\/fr\/wp-json\/wp\/v2\/media\/395849"}],"wp:attachment":[{"href":"https:\/\/www.europesays.com\/fr\/wp-json\/wp\/v2\/media?parent=647938"}],"wp:term":[{"taxonomy":"category","embeddable":true,"href":"https:\/\/www.europesays.com\/fr\/wp-json\/wp\/v2\/categories?post=647938"},{"taxonomy":"post_tag","embeddable":true,"href":"https:\/\/www.europesays.com\/fr\/wp-json\/wp\/v2\/tags?post=647938"}],"curies":[{"name":"wp","href":"https:\/\/api.w.org\/{rel}","templated":true}]}}