{"id":647942,"date":"2026-01-07T21:18:26","date_gmt":"2026-01-07T21:18:26","guid":{"rendered":"https:\/\/www.europesays.com\/fr\/647942\/"},"modified":"2026-01-07T21:18:26","modified_gmt":"2026-01-07T21:18:26","slug":"fort-episode-entre-clermont-lyon-et-saint-etienne-la89-perturbee","status":"publish","type":"post","link":"https:\/\/www.europesays.com\/fr\/647942\/","title":{"rendered":"fort \u00e9pisode entre Clermont, Lyon et Saint Etienne, l&rsquo;A89 perturb\u00e9e"},"content":{"rendered":"<p>                    Par<br \/>\n        <strong><br \/>\n            <a href=\"https:\/\/actu.fr\/auteur\/mathias-souteyrat\" title=\"Consulter tous les articles de Mathias Souteyrat\" target=\"_blank\" rel=\"noopener\">Mathias Souteyrat<\/a><br \/>\n                    <\/strong><\/p>\n<p>        Publi\u00e9 le<\/p>\n<p>            7 janv. 2026 \u00e0 10h30<br \/>\n        ; mis \u00e0 jour le 7 janv. 2026 \u00e0 19h06    <\/p>\n<p><strong>Mise \u00e0 jour.<\/strong> Le 7 janvier \u00e0 19h : Selon le compte X de l\u2019autoroute, sur l\u2019A89, restrictions de circulation en place pour les poids lourds entre Martres d\u2019Arti\u00e8res et la bifurcation A89\/A72 dans les 2 sens. Depuis l\u2019A72 , les poids lourds sont dirig\u00e9s vers Lyon puis stock\u00e9s sur l\u2019aire de La Loire.<\/p>\n<p>Les poids lourds interdits sur l&rsquo;A89<\/p>\n<p>La circulation des poids-lourds est interdite sur l&rsquo;A89, dans la Loire ce mercredi soir. Un arr\u00eat\u00e9 zonal vient d&rsquo;\u00eatre pris, interdisant la circulation des camions dont la charge est sup\u00e9rieure \u00e0 7,5 tonnes, en raison des conditions m\u00e9t\u00e9orologiques li\u00e9es \u00e0 la neige et au verglas.<\/p>\n<p>Les poids-lourds doivent donc se stationner sur l&rsquo;aire de la Loire, \u00e0 N\u00e9ronde. 6 \u00e0 9 cm de neige sont attendus ce soir, sur le col de Cervi\u00e8res. \u00ab\u00a0Soyez donc extr\u00eamement prudents sur la route et ne doublez jamais un chasse-neige en circulation, comme a pu le faire ce poids-lourd sur l&rsquo;A89 ce mercredi apr\u00e8s-midi.\u00a0\u00bb<\/p>\n<p class=\" wall-content\">Le d\u00e9partement de la <a href=\"https:\/\/actu.fr\/auvergne-rhone-alpes\/loire_42\" target=\"_blank\" rel=\"noopener\">Loire<\/a> est plac\u00e9 par M\u00e9t\u00e9o France en vigilance jaune grand froid et <a href=\"https:\/\/actu.fr\/societe\/neige-et-verglas-il-faut-savoir-etre-egoiste-comment-conduire-quand-les-routes-sont-glissantes_63656835.html\" target=\"_blank\" rel=\"noopener\">neige-verglas<\/a> ce mercredi 7\u00a0janvier\u00a0\u00e0 15\u00a0heures et jusqu\u2019au jeudi 8\u00a0janvier minuit.<\/p>\n<p class=\" wall-content\">Selon le compte X (ex-Twitter) de l\u2019autoroute A89, \u00ab\u2009un fort \u00e9pisode neigeux est pr\u00e9vu entre <a href=\"https:\/\/actu.fr\/auvergne-rhone-alpes\/clermont-ferrand_63113\" target=\"_blank\" rel=\"noopener\">Clermont-Ferrand<\/a>, <a href=\"https:\/\/actu.fr\/auvergne-rhone-alpes\/lyon_69123\/neige-jusqu-a-5-cm-flocons-confirmes-a-lyon-et-dans-le-rhone-voici-a-quoi-s-attendre_63660223.html\" target=\"_blank\" rel=\"noopener\">Lyon<\/a> et <a href=\"https:\/\/actu.fr\/saint-etienne\/\" target=\"_blank\" rel=\"noopener\">Saint-Etienne<\/a>\u2009\u00bb.<\/p>\n<p class=\" wall-content\">Selon M\u00e9t\u00e9o Loire, des chutes de neige faibles \u00e0 mod\u00e9r\u00e9es se produiront au passage d\u2019un front froid ce mercredi <strong>entre 13h et 18h principalement.<\/strong><\/p>\n<p>La neige tiendra au sol<\/p>\n<p class=\" wall-content\">La neige tiendra au sol jusqu\u2019\u00e0 plaine avec des accumulations au sol. \u00ab\u2009Elle devrait n\u00e9anmoins \u00eatre moindre sur la plaine du Forez et les contreforts des Monts du Lyonnais en raison de la mise en place d\u2019un \u00e9pisode de foehn (ass\u00e8chement des pr\u00e9cipitations).\u2009\u00bb<\/p>\n<p class=\" wall-content\">\u00ab\u00a0Les cumuls au sol d\u2019ici jeudi matin seront h\u00e9t\u00e9rog\u00e8nes en raison du vent mod\u00e9r\u00e9 qui soufflera sur les reliefs, pr\u00e9cise le sp\u00e9cialiste m\u00e9t\u00e9o.<\/p>\n<p>Votre r\u00e9gion, votre actu !<\/p>\n<p>Recevez chaque jour les infos qui comptent pour vous.<\/p>\n<p>\t<a href=\"https:\/\/actu.fr\/newsletter\" class=\"ac-btn ac-btn--corner ac-btn--medium ac-btn--blue800\" target=\"_blank\" rel=\"noopener\">S&rsquo;incrire<\/a><br \/>\nDe la neige dans tous les secteurs<\/p>\n<p class=\" wall-content\">Voici les zones \u00e0 risques\u2009:<\/p>\n<ul class=\" wall-content\">\n<li>Roannais\u2009: 1 \u00e0 3\u00a0cm<\/li>\n<li>Forez\u2009: saupoudrage \u00e0 1\u00a0cm (foehn ass\u00e9chant les pr\u00e9cipitations).<\/li>\n<li>St\u00e9phanois, Gier, Ondaine\u2009: 1 \u00e0 2\u00a0cm<\/li>\n<li>Pilat Rhodanien\u2009: environ 1\u00a0cm<\/li>\n<li>Monts du Lyonnais\u2009: 1 \u00e0 3\u00a0cm<\/li>\n<li>Monts du Forez, Monts de la Madeleine et Pilat\u2009: 2 \u00e0 5\u00a0cm (localement 8 \u00e0 10\u00a0cm notamment secteur des Hautes-Chaumes).<\/li>\n<\/ul>\n<p class=\" wall-content\">Selon M\u00e9t\u00e9o France, une perturbation circule au sein d\u2019une masse d\u2019air froid sur la France et affecte la r\u00e9gion Auvergne-Rh\u00f4ne-Alpes par le nord-ouest \u00e0 partir de la mi-journ\u00e9e.<\/p>\n<p class=\" wall-content\">\u00ab\u2009Compte tenu des temp\u00e9ratures qui restent n\u00e9gatives, cette perturbation donne de faibles chutes de neige jusqu\u2019en plaine, en particulier sur le nord de l\u2019Auvergne. Elle perd en activit\u00e9 en se d\u00e9calant vers l\u2019est en fin de journ\u00e9e.\u2009\u00bb<\/p>\n<p class=\" wall-content\">Personnalisez votre actualit\u00e9 en ajoutant vos villes et m\u00e9dias en favori avec <a href=\"https:\/\/moncompte.actu.fr\" title=\"D\u00e9couvez Mon Actu\" rel=\"nofollow noopener\" data-trk=\"{&quot;cta&quot;:{&quot;action&quot;:&quot;https:\\\/\\\/moncompte.actu.fr&quot;,&quot;category&quot;:&quot;mon compte&quot;,&quot;from&quot;:&quot;article footer&quot;,&quot;name&quot;:&quot;Mon actu&quot;,&quot;type&quot;:&quot;cta&quot;}}\" target=\"_blank\">Mon Actu<\/a>.<\/p>\n","protected":false},"excerpt":{"rendered":"Par Mathias Souteyrat Publi\u00e9 le 7 janv. 2026 \u00e0 10h30 ; mis \u00e0 jour le 7 janv. 2026&hellip;\n","protected":false},"author":2,"featured_media":647943,"comment_status":"","ping_status":"","sticky":false,"template":"","format":"standard","meta":{"footnotes":""},"categories":[9653],"tags":[1111,11,16528,2430,1777,674,1011,27,2487,2357,10584,12,25,4001],"class_list":{"0":"post-647942","1":"post","2":"type-post","3":"status-publish","4":"format-standard","5":"has-post-thumbnail","7":"category-saint-etienne","8":"tag-actu","9":"tag-actualites","10":"tag-autoroute-89-a89","11":"tag-auvergne-rhone-alpes","12":"tag-eu","13":"tag-europe","14":"tag-fr","15":"tag-france","16":"tag-meteo","17":"tag-meteo-france","18":"tag-neige","19":"tag-news","20":"tag-republique-francaise","21":"tag-saint-etienne"},"share_on_mastodon":{"url":"https:\/\/pubeurope.com\/@fr\/115855904347037319","error":""},"_links":{"self":[{"href":"https:\/\/www.europesays.com\/fr\/wp-json\/wp\/v2\/posts\/647942","targetHints":{"allow":["GET"]}}],"collection":[{"href":"https:\/\/www.europesays.com\/fr\/wp-json\/wp\/v2\/posts"}],"about":[{"href":"https:\/\/www.europesays.com\/fr\/wp-json\/wp\/v2\/types\/post"}],"author":[{"embeddable":true,"href":"https:\/\/www.europesays.com\/fr\/wp-json\/wp\/v2\/users\/2"}],"replies":[{"embeddable":true,"href":"https:\/\/www.europesays.com\/fr\/wp-json\/wp\/v2\/comments?post=647942"}],"version-history":[{"count":0,"href":"https:\/\/www.europesays.com\/fr\/wp-json\/wp\/v2\/posts\/647942\/revisions"}],"wp:featuredmedia":[{"embeddable":true,"href":"https:\/\/www.europesays.com\/fr\/wp-json\/wp\/v2\/media\/647943"}],"wp:attachment":[{"href":"https:\/\/www.europesays.com\/fr\/wp-json\/wp\/v2\/media?parent=647942"}],"wp:term":[{"taxonomy":"category","embeddable":true,"href":"https:\/\/www.europesays.com\/fr\/wp-json\/wp\/v2\/categories?post=647942"},{"taxonomy":"post_tag","embeddable":true,"href":"https:\/\/www.europesays.com\/fr\/wp-json\/wp\/v2\/tags?post=647942"}],"curies":[{"name":"wp","href":"https:\/\/api.w.org\/{rel}","templated":true}]}}