{"id":647944,"date":"2026-01-07T21:19:29","date_gmt":"2026-01-07T21:19:29","guid":{"rendered":"https:\/\/www.europesays.com\/fr\/647944\/"},"modified":"2026-01-07T21:19:29","modified_gmt":"2026-01-07T21:19:29","slug":"lecole-primaire-saint-saens-fermee-ce-jeudi-a-cause-dun-defaut-de-chauffage","status":"publish","type":"post","link":"https:\/\/www.europesays.com\/fr\/647944\/","title":{"rendered":"l&rsquo;\u00e9cole primaire Saint-Sa\u00ebns ferm\u00e9e ce jeudi \u00e0 cause d&rsquo;un d\u00e9faut de chauffage"},"content":{"rendered":"<p><img decoding=\"async\" class=\"\" style=\"width:100%\" src=\"https:\/\/www.europesays.com\/fr\/wp-content\/uploads\/2026\/01\/299841569_5552344374787542_3873176592638698708_n1660639029664.jpg\" alt=\"Des enfants vont \u00e0 l'\u00e9cole\"\/><\/p>\n<p>Des enfants vont \u00e0 l&rsquo;\u00e9cole<\/p>\n<p>Cr\u00e9dit : Des enfants vont \u00e0 l&rsquo;\u00e9cole<\/p>\n<p>\u00c0 Montreynaud, les parents des \u00e9coliers de l&rsquo;\u00e9tablissement Saint-Sa\u00ebns (maternelle et \u00e9l\u00e9mentaire) vont devoir s&rsquo;adapter ce jeudi. Les 2 sites seront ferm\u00e9s temporairement en raison d\u2019une d\u00e9faillance du chauffage urbain. Les familles concern\u00e9es ont \u00e9t\u00e9 inform\u00e9es que les 2 \u00e9coles, situ\u00e9es 13, rue Jean-S\u00e9bastien Bach (pour la maternelle) et au 13, rue Cl\u00e9ment Janequin (pour l&rsquo;\u00e9l\u00e9mentaire) ne pourraient pas accueillir le public.<\/p>\n<p>Pour obtenir des informations compl\u00e9mentaires, il est possible d\u2019adresser un mail \u00e0 <a href=\"https:\/\/www.activradio.com\/mailto:education@saint-etienne.fr\" target=\"_blank\" rel=\"noopener\">education@saint-etienne.fr<\/a> ou en contactant la plateforme \u00ab\u00a0Saint-\u00c9tienne Bonjour\u00a0\u00bb de la ville de Saint-\u00c9tienne (04 77 48 77 48).<\/p>\n","protected":false},"excerpt":{"rendered":"Des enfants vont \u00e0 l&rsquo;\u00e9cole Cr\u00e9dit : Des enfants vont \u00e0 l&rsquo;\u00e9cole \u00c0 Montreynaud, les parents des \u00e9coliers&hellip;\n","protected":false},"author":2,"featured_media":647945,"comment_status":"","ping_status":"","sticky":false,"template":"","format":"standard","meta":{"footnotes":""},"categories":[9653],"tags":[1111,11,2430,27378,1122,1777,674,13407,1011,27,10086,12,25,75314,4001],"class_list":{"0":"post-647944","1":"post","2":"type-post","3":"status-publish","4":"format-standard","5":"has-post-thumbnail","7":"category-saint-etienne","8":"tag-actu","9":"tag-actualites","10":"tag-auvergne-rhone-alpes","11":"tag-chauffage","12":"tag-ecole","13":"tag-eu","14":"tag-europe","15":"tag-fermeture","16":"tag-fr","17":"tag-france","18":"tag-montreynaud","19":"tag-news","20":"tag-republique-francaise","21":"tag-saint_saens","22":"tag-saint-etienne"},"share_on_mastodon":{"url":"https:\/\/pubeurope.com\/@fr\/115855908237626038","error":""},"_links":{"self":[{"href":"https:\/\/www.europesays.com\/fr\/wp-json\/wp\/v2\/posts\/647944","targetHints":{"allow":["GET"]}}],"collection":[{"href":"https:\/\/www.europesays.com\/fr\/wp-json\/wp\/v2\/posts"}],"about":[{"href":"https:\/\/www.europesays.com\/fr\/wp-json\/wp\/v2\/types\/post"}],"author":[{"embeddable":true,"href":"https:\/\/www.europesays.com\/fr\/wp-json\/wp\/v2\/users\/2"}],"replies":[{"embeddable":true,"href":"https:\/\/www.europesays.com\/fr\/wp-json\/wp\/v2\/comments?post=647944"}],"version-history":[{"count":0,"href":"https:\/\/www.europesays.com\/fr\/wp-json\/wp\/v2\/posts\/647944\/revisions"}],"wp:featuredmedia":[{"embeddable":true,"href":"https:\/\/www.europesays.com\/fr\/wp-json\/wp\/v2\/media\/647945"}],"wp:attachment":[{"href":"https:\/\/www.europesays.com\/fr\/wp-json\/wp\/v2\/media?parent=647944"}],"wp:term":[{"taxonomy":"category","embeddable":true,"href":"https:\/\/www.europesays.com\/fr\/wp-json\/wp\/v2\/categories?post=647944"},{"taxonomy":"post_tag","embeddable":true,"href":"https:\/\/www.europesays.com\/fr\/wp-json\/wp\/v2\/tags?post=647944"}],"curies":[{"name":"wp","href":"https:\/\/api.w.org\/{rel}","templated":true}]}}