{"id":647946,"date":"2026-01-07T21:20:20","date_gmt":"2026-01-07T21:20:20","guid":{"rendered":"https:\/\/www.europesays.com\/fr\/647946\/"},"modified":"2026-01-07T21:20:20","modified_gmt":"2026-01-07T21:20:20","slug":"un-opera-en-trois-actes-de-francis-poulenc","status":"publish","type":"post","link":"https:\/\/www.europesays.com\/fr\/647946\/","title":{"rendered":"un op\u00e9ra en trois actes de Francis Poulenc"},"content":{"rendered":"<p>Dialogues des Carm\u00e9lites  est un op\u00e9ra en trois actes de Francis Poulenc, cr\u00e9\u00e9 en 1957, bas\u00e9 sur un texte de Georges Bernanos inspir\u00e9 par la mort tragique des Carm\u00e9lites de Compi\u00e8gne pendant la R\u00e9volution fran\u00e7aise.<\/p>\n<p>\u00c9pisode tragique et m\u00e9connu de la R\u00e9volution fran\u00e7aise, l\u2019histoire vraie d\u2019une communaut\u00e9 religieuse guillotin\u00e9e pendant la Terreur inspira \u00e0 l\u2019\u00e9crivain Georges Bernanos le personnage de Blanche de la Force, h\u00e9ro\u00efne malgr\u00e9 elle de ce drame.<\/p>\n<p>Avec cette \u0153uvre aussi puissante qu\u2019\u00e9mouvante, la dramaturge Tiphaine Raffier assure la mise en sc\u00e8ne. Elle fait une entr\u00e9e fracassante dans le monde de l\u2019op\u00e9ra.<\/p>\n<p>Elle choisit de montrer ce chef-d\u2019\u0153uvre de Poulenc sous sa forme la plus radicale et la plus contemporaine, racontant comment le courage de Blanche fusionnera progressivement avec celui de la communaut\u00e9 tout enti\u00e8re qui avancera vers la guillotine dans une des sc\u00e8nes les plus bouleversantes de tout le r\u00e9pertoire lyrique.<\/p>\n<p>L\u2019\u0153uvre est interpr\u00e9t\u00e9e par l\u2019orchestre et ch\u0153ur de l\u2019Op\u00e9ra national de Nancy-Lorraine sous la direction musicale Marc Leroy-Calatayud. La mise en sc\u00e8ne est de Tiphaine Raffier.<\/p>\n<p class=\"note\">Repr\u00e9sentations dimanche 25\u00a0janvier \u00e0 15\u00a0h\u00a0; mardi\u00a027 et jeudi 29\u00a0janvier \u00e0 20\u00a0h et samedi 31\u00a0janvier \u00e0 17\u00a0h \u00e0 l\u2019Op\u00e9ra de Nancy. Tarifs de 5\u00a0\u20ac \u00e0 85\u00a0\u20ac. Spectacle en fran\u00e7ais, dur\u00e9e\u00a0: 3\u00a0h\u00a010 avec entracte. \u00c0 partir de 13 ans. R\u00e9servation en ligne sur le site de l\u2019Op\u00e9ra.<\/p>\n","protected":false},"excerpt":{"rendered":"Dialogues des Carm\u00e9lites est un op\u00e9ra en trois actes de Francis Poulenc, cr\u00e9\u00e9 en 1957, bas\u00e9 sur un&hellip;\n","protected":false},"author":2,"featured_media":647947,"comment_status":"","ping_status":"","sticky":false,"template":"","format":"standard","meta":{"footnotes":""},"categories":[9635],"tags":[1111,11,1687,1704,1777,674,1011,27,775,1702,1703,12,25,3140],"class_list":{"0":"post-647946","1":"post","2":"type-post","3":"status-publish","4":"format-standard","5":"has-post-thumbnail","7":"category-nancy","8":"tag-actu","9":"tag-actualites","10":"tag-culture-loisirs","11":"tag-edition-nancy-et-agglomeration","12":"tag-eu","13":"tag-europe","14":"tag-fr","15":"tag-france","16":"tag-grand-est","17":"tag-nancy","18":"tag-nancy-ville-54b","19":"tag-news","20":"tag-republique-francaise","21":"tag-spectacle"},"share_on_mastodon":{"url":"https:\/\/pubeurope.com\/@fr\/115855912116558893","error":""},"_links":{"self":[{"href":"https:\/\/www.europesays.com\/fr\/wp-json\/wp\/v2\/posts\/647946","targetHints":{"allow":["GET"]}}],"collection":[{"href":"https:\/\/www.europesays.com\/fr\/wp-json\/wp\/v2\/posts"}],"about":[{"href":"https:\/\/www.europesays.com\/fr\/wp-json\/wp\/v2\/types\/post"}],"author":[{"embeddable":true,"href":"https:\/\/www.europesays.com\/fr\/wp-json\/wp\/v2\/users\/2"}],"replies":[{"embeddable":true,"href":"https:\/\/www.europesays.com\/fr\/wp-json\/wp\/v2\/comments?post=647946"}],"version-history":[{"count":0,"href":"https:\/\/www.europesays.com\/fr\/wp-json\/wp\/v2\/posts\/647946\/revisions"}],"wp:featuredmedia":[{"embeddable":true,"href":"https:\/\/www.europesays.com\/fr\/wp-json\/wp\/v2\/media\/647947"}],"wp:attachment":[{"href":"https:\/\/www.europesays.com\/fr\/wp-json\/wp\/v2\/media?parent=647946"}],"wp:term":[{"taxonomy":"category","embeddable":true,"href":"https:\/\/www.europesays.com\/fr\/wp-json\/wp\/v2\/categories?post=647946"},{"taxonomy":"post_tag","embeddable":true,"href":"https:\/\/www.europesays.com\/fr\/wp-json\/wp\/v2\/tags?post=647946"}],"curies":[{"name":"wp","href":"https:\/\/api.w.org\/{rel}","templated":true}]}}