{"id":647951,"date":"2026-01-07T21:24:12","date_gmt":"2026-01-07T21:24:12","guid":{"rendered":"https:\/\/www.europesays.com\/fr\/647951\/"},"modified":"2026-01-07T21:24:12","modified_gmt":"2026-01-07T21:24:12","slug":"une-mediatheque-temporaire-jean-jacques-rousseau","status":"publish","type":"post","link":"https:\/\/www.europesays.com\/fr\/647951\/","title":{"rendered":"une m\u00e9diath\u00e8que temporaire Jean-Jacques Rousseau"},"content":{"rendered":"<p data-path-to-node=\"3\">Ce <b data-path-to-node=\"3\" data-index-in-node=\"77\">mercredi 7 janvier 2026<\/b>, Le Maire de Montpellier a inaugur\u00e9 la <b data-path-to-node=\"3\" data-index-in-node=\"201\">m\u00e9diath\u00e8que temporaire Jean-Jacques Rousseau<\/b> ainsi que la nouvelle <b data-path-to-node=\"3\" data-index-in-node=\"268\">ludoth\u00e8que<\/b>.<\/p>\n<p data-path-to-node=\"4\">Accompagn\u00e9 de V\u00e9ronique Brunet (Adjointe \u00e0 la Ville \u00e9ducative) et de David-Jonathan Benrubi (Directeur du r\u00e9seau des m\u00e9diath\u00e8ques), l\u2019\u00e9dile a soulign\u00e9 l\u2019importance de maintenir un acc\u00e8s de proximit\u00e9 \u00e0 la lecture et au jeu durant les phases de transformation urbaine.<\/p>\n<p class=\"p1\">En attendant la r\u00e9alisation du futur projet de m\u00e9diath\u00e8que innovante, ce dispositif \u00e0 \u00e9t\u00e9 compl\u00e9t\u00e9 par l\u2019ouverture aux habitants de la m\u00e9diath\u00e8que temporaire Jean-Jacques Rousseau, situ\u00e9e au 1234, avenue d\u2019Heidelberg \u00e0 Montpellier, depuis le mercredi 10 d\u00e9cembre 2025. Une programmation festive avait \u00e9t\u00e9 propos\u00e9e pour l\u2019occasion.<\/p>\n<p>Un bin\u00f4me culturel au service des habitants<\/p>\n<p data-path-to-node=\"6\">Ouvertes au public depuis le 10 d\u00e9cembre dernier, ces deux structures travaillent en synergie pour offrir un accueil complet aux familles :<\/p>\n<ul data-path-to-node=\"7\">\n<li>\n<p data-path-to-node=\"7,0,0\"><b data-path-to-node=\"7,0,0\" data-index-in-node=\"0\">La M\u00e9diath\u00e8que Jean-Jacques Rousseau (version temporaire) :<\/b> Elle assure la continuit\u00e9 du service public culturel, permettant aux abonn\u00e9s de retrouver leurs habitudes de pr\u00eat et de conseil.<\/p>\n<\/li>\n<li>\n<p data-path-to-node=\"7,1,0\"><b data-path-to-node=\"7,1,0\" data-index-in-node=\"0\">La Ludoth\u00e8que :<\/b> Accueillie au sein du <b data-path-to-node=\"7,1,0\" data-index-in-node=\"38\">Centre social de la CAF de l\u2019H\u00e9rault<\/b>, elle propose un espace d\u00e9di\u00e9 au jeu sous toutes ses formes, favorisant le lien interg\u00e9n\u00e9rationnel et l\u2019\u00e9veil des plus jeunes.<\/p>\n<\/li>\n<\/ul>\n<p>Un partenariat fort pour la r\u00e9ussite scolaire<\/p>\n<p data-path-to-node=\"9\">L\u2019inauguration s\u2019est d\u00e9roul\u00e9e en pr\u00e9sence de Claire Narang, Directrice Adjointe de la CAF de l\u2019H\u00e9rault, et des repr\u00e9sentants de l\u2019entreprise Gammes. Ce projet illustre une volont\u00e9 commune de placer la <b data-path-to-node=\"9\" data-index-in-node=\"201\">r\u00e9ussite scolaire<\/b> et l\u2019\u00e9panouissement des enfants au c\u0153ur des priorit\u00e9s du quartier.<\/p>\n<blockquote data-path-to-node=\"10\">\n<p data-path-to-node=\"10,0\">\u00ab Ce nouvel espace est un lieu de vie indispensable pour la Mosson, garantissant que la culture et le jeu restent accessibles \u00e0 tous pendant la p\u00e9riode de transition. \u00bb<\/p>\n<\/blockquote>\n<ul data-path-to-node=\"13\">\n<li>\n<p data-path-to-node=\"13,0,0\"><b data-path-to-node=\"13,0,0\" data-index-in-node=\"0\">Lieux :<\/b> Quartier Mosson \u00e0 Montpellier (\u00e0 proximit\u00e9 des Halles des 4 saisons)<\/p>\n<\/li>\n<li>\n<p data-path-to-node=\"13,1,0\"><b data-path-to-node=\"13,1,0\" data-index-in-node=\"0\">Acc\u00e8s :<\/b> La ludoth\u00e8que est situ\u00e9e au sein du Centre social de la CAF.<\/p>\n<\/li>\n<li>\n<p data-path-to-node=\"13,2,0\"><b data-path-to-node=\"13,2,0\" data-index-in-node=\"0\">Horaires :<\/b> Consultables sur le site du r\u00e9seau des m\u00e9diath\u00e8ques de Montpellier M\u00e9diterran\u00e9e M\u00e9tropole.<\/p>\n<\/li>\n<\/ul>\n","protected":false},"excerpt":{"rendered":"Ce mercredi 7 janvier 2026, Le Maire de Montpellier a inaugur\u00e9 la m\u00e9diath\u00e8que temporaire Jean-Jacques Rousseau ainsi que&hellip;\n","protected":false},"author":2,"featured_media":647952,"comment_status":"","ping_status":"","sticky":false,"template":"","format":"standard","meta":{"footnotes":""},"categories":[9599],"tags":[1111,11,1777,674,1011,27,2208,12,2680,25],"class_list":{"0":"post-647951","1":"post","2":"type-post","3":"status-publish","4":"format-standard","5":"has-post-thumbnail","7":"category-montpellier","8":"tag-actu","9":"tag-actualites","10":"tag-eu","11":"tag-europe","12":"tag-fr","13":"tag-france","14":"tag-montpellier","15":"tag-news","16":"tag-occitanie","17":"tag-republique-francaise"},"share_on_mastodon":{"url":"https:\/\/pubeurope.com\/@fr\/115855927748491782","error":""},"_links":{"self":[{"href":"https:\/\/www.europesays.com\/fr\/wp-json\/wp\/v2\/posts\/647951","targetHints":{"allow":["GET"]}}],"collection":[{"href":"https:\/\/www.europesays.com\/fr\/wp-json\/wp\/v2\/posts"}],"about":[{"href":"https:\/\/www.europesays.com\/fr\/wp-json\/wp\/v2\/types\/post"}],"author":[{"embeddable":true,"href":"https:\/\/www.europesays.com\/fr\/wp-json\/wp\/v2\/users\/2"}],"replies":[{"embeddable":true,"href":"https:\/\/www.europesays.com\/fr\/wp-json\/wp\/v2\/comments?post=647951"}],"version-history":[{"count":0,"href":"https:\/\/www.europesays.com\/fr\/wp-json\/wp\/v2\/posts\/647951\/revisions"}],"wp:featuredmedia":[{"embeddable":true,"href":"https:\/\/www.europesays.com\/fr\/wp-json\/wp\/v2\/media\/647952"}],"wp:attachment":[{"href":"https:\/\/www.europesays.com\/fr\/wp-json\/wp\/v2\/media?parent=647951"}],"wp:term":[{"taxonomy":"category","embeddable":true,"href":"https:\/\/www.europesays.com\/fr\/wp-json\/wp\/v2\/categories?post=647951"},{"taxonomy":"post_tag","embeddable":true,"href":"https:\/\/www.europesays.com\/fr\/wp-json\/wp\/v2\/tags?post=647951"}],"curies":[{"name":"wp","href":"https:\/\/api.w.org\/{rel}","templated":true}]}}