{"id":647953,"date":"2026-01-07T21:25:10","date_gmt":"2026-01-07T21:25:10","guid":{"rendered":"https:\/\/www.europesays.com\/fr\/647953\/"},"modified":"2026-01-07T21:25:10","modified_gmt":"2026-01-07T21:25:10","slug":"pres-de-montpellier-un-evenement-exceptionnel-de-trial-arrive-dans-quelques-jours-et-les-places-disparaissent","status":"publish","type":"post","link":"https:\/\/www.europesays.com\/fr\/647953\/","title":{"rendered":"Pr\u00e8s de Montpellier, un \u00e9v\u00e9nement exceptionnel de trial arrive dans quelques jours et les places disparaissent"},"content":{"rendered":"<p>                    Par<br \/>\n        <strong><br \/>\n            <a href=\"https:\/\/actu.fr\/auteur\/metropoop\" title=\"Consulter tous les articles de R\u00e9daction M\u00e9tropolitain\" target=\"_blank\" rel=\"noopener\">R\u00e9daction M\u00e9tropolitain<\/a><br \/>\n                    <\/strong><\/p>\n<p>        Publi\u00e9 le<\/p>\n<p>            7 janv. 2026 \u00e0 20h59        <\/p>\n<p>Le Trial Indoor International de Montpellier arrive \u00e0 grands pas. Dans quelques jours seulement, la Sud de France Arena accueillera la toute premi\u00e8re \u00e9preuve mondiale de l\u2019ann\u00e9e 2026. Chaque saison, ce rendez-vous donne le ton : les pilotes y arrivent aff\u00fbt\u00e9s et le public y d\u00e9couvre souvent les premi\u00e8res grandes tendances de l\u2019ann\u00e9e. Cette \u00e9dition ne fera pas exception. L\u2019attente monte et les tribunes se remplissent d\u00e9j\u00e0.<\/p>\n<p>    <a href=\"https:\/\/www.google.com\/maps\/embed?pb=!1m18!1m12!1m3!1d23114.090373704526!2d3.8338559999999995!3d43.6011008!2m3!1f0!2f0!3f0!3m2!1i1024!2i768!4f13.1!3m3!1m2!1s0x12b6a4d5fc7a3bf7%3A0x7409bb29f43e093a!2sSud%20de%20France%20Arena!5e0!3m2!1sfr!2sfr!4v1767802714683!5m2!1sfr!2sfr\" title=\"Ouvrie le lien\" target=\"_blank\" rel=\"noopener\">Cliquez ici pour visualiser le contenu<\/a><\/p>\n<p>Un plateau exceptionnel d\u00e8s janvier<\/p>\n<p class=\" wall-content\">L\u2019organisation a frapp\u00e9 fort pour ouvrir 2026. Les trois champions du monde des trois cat\u00e9gories seront r\u00e9unis.<strong> Toni Bou<\/strong> arrive \u00e0 Montpellier avec son statut intact. Champion du monde X-Trial et TrialGP en titre, il affiche 19 titres mondiaux. Son nom suffit \u00e0 remplir une salle. Le voir \u00e9voluer \u00e0 quelques m\u00e8tres vaut \u00e0 lui seul le d\u00e9placement. Principal rival de Bou,<strong> Jaime Busto<\/strong> d\u00e9barque \u00e0 Montpellier dans un contexte particulier. Son contrat avec GasGas a pris fin en 2025. Il entame donc 2026 sans annonce officielle sur sa moto. Les spectateurs scruteront chaque d\u00e9tail : une nouvelle machine, un nouveau d\u00e9fi, et d\u00e9j\u00e0 une premi\u00e8re pression mondiale.<strong> Hugo Dufrese<\/strong> arrive en pleine confiance. Num\u00e9ro un fran\u00e7ais, il domine le Championnat de France \u00c9lite. Sa performance en X-Trial cette saison a marqu\u00e9 les esprits. Une qualification en finale, conclue par une quatri\u00e8me place, a confirm\u00e9 son potentiel. \u00c0 Montpellier, il roulera \u00e0 domicile.\u00a0<\/p>\n<p class=\" wall-content\">La rel\u00e8ve s\u2019invite d\u00e9j\u00e0 au sommet. <strong>Harry Hemingway<\/strong>, champion du monde Trial2, s\u2019installe parmi les meilleurs avec une quatri\u00e8me place mondiale en X-Trial. <strong>Ryon Land<\/strong>, champion du monde Trial3, d\u00e9couvrira le trial indoor international \u00e0 Montpellier. <strong>George Hemingway<\/strong>, double champion du monde Trial3 \u00e0 seulement 17 ans, d\u00e9fiera l\u2019\u00e9lite sans pression. <strong>Francesco Titli<\/strong>, 18 ans, compl\u00e8te ce groupe ambitieux et spectaculaire.<\/p>\n<p class=\" wall-content\">Dans quelques jours, il sera trop tard pour h\u00e9siter. Le trial mondial d\u00e9marre \u00e0 Montpellier. Les pilotes sont pr\u00eats. Le spectacle aussi. Reste une question simple : serez-vous dans les tribunes ?<\/p>\n<p>Vid\u00e9os : en ce moment sur Actu<strong>&gt;<\/strong> Les derni\u00e8res places sont disponibles d\u00e8s maintenant : <a href=\"https:\/\/www.suddefrance-arena.com\/event\/trial-indoor-international-2\/\" target=\"_blank\" rel=\"noopener\">https:\/\/www.suddefrance-arena.com\/event\/trial-indoor-international-2\/<\/a><\/p>\n<p class=\" wall-content\">Personnalisez votre actualit\u00e9 en ajoutant vos villes et m\u00e9dias en favori avec <a href=\"https:\/\/moncompte.actu.fr\" title=\"D\u00e9couvez Mon Actu\" rel=\"nofollow noopener\" data-trk=\"{&quot;cta&quot;:{&quot;action&quot;:&quot;https:\\\/\\\/moncompte.actu.fr&quot;,&quot;category&quot;:&quot;mon compte&quot;,&quot;from&quot;:&quot;article footer&quot;,&quot;name&quot;:&quot;Mon actu&quot;,&quot;type&quot;:&quot;cta&quot;}}\" target=\"_blank\">Mon Actu<\/a>.<\/p>\n","protected":false},"excerpt":{"rendered":"Par R\u00e9daction M\u00e9tropolitain Publi\u00e9 le 7 janv. 2026 \u00e0 20h59 Le Trial Indoor International de Montpellier arrive \u00e0&hellip;\n","protected":false},"author":2,"featured_media":647954,"comment_status":"","ping_status":"","sticky":false,"template":"","format":"standard","meta":{"footnotes":""},"categories":[9599],"tags":[1111,11,1719,1777,674,652,1011,27,1652,2208,12,2680,25,517],"class_list":{"0":"post-647953","1":"post","2":"type-post","3":"status-publish","4":"format-standard","5":"has-post-thumbnail","7":"category-montpellier","8":"tag-actu","9":"tag-actualites","10":"tag-enfants","11":"tag-eu","12":"tag-europe","13":"tag-famille","14":"tag-fr","15":"tag-france","16":"tag-loisirs-culture","17":"tag-montpellier","18":"tag-news","19":"tag-occitanie","20":"tag-republique-francaise","21":"tag-sport"},"share_on_mastodon":{"url":"https:\/\/pubeurope.com\/@fr\/115855931660575955","error":""},"_links":{"self":[{"href":"https:\/\/www.europesays.com\/fr\/wp-json\/wp\/v2\/posts\/647953","targetHints":{"allow":["GET"]}}],"collection":[{"href":"https:\/\/www.europesays.com\/fr\/wp-json\/wp\/v2\/posts"}],"about":[{"href":"https:\/\/www.europesays.com\/fr\/wp-json\/wp\/v2\/types\/post"}],"author":[{"embeddable":true,"href":"https:\/\/www.europesays.com\/fr\/wp-json\/wp\/v2\/users\/2"}],"replies":[{"embeddable":true,"href":"https:\/\/www.europesays.com\/fr\/wp-json\/wp\/v2\/comments?post=647953"}],"version-history":[{"count":0,"href":"https:\/\/www.europesays.com\/fr\/wp-json\/wp\/v2\/posts\/647953\/revisions"}],"wp:featuredmedia":[{"embeddable":true,"href":"https:\/\/www.europesays.com\/fr\/wp-json\/wp\/v2\/media\/647954"}],"wp:attachment":[{"href":"https:\/\/www.europesays.com\/fr\/wp-json\/wp\/v2\/media?parent=647953"}],"wp:term":[{"taxonomy":"category","embeddable":true,"href":"https:\/\/www.europesays.com\/fr\/wp-json\/wp\/v2\/categories?post=647953"},{"taxonomy":"post_tag","embeddable":true,"href":"https:\/\/www.europesays.com\/fr\/wp-json\/wp\/v2\/tags?post=647953"}],"curies":[{"name":"wp","href":"https:\/\/api.w.org\/{rel}","templated":true}]}}