{"id":647959,"date":"2026-01-07T21:28:18","date_gmt":"2026-01-07T21:28:18","guid":{"rendered":"https:\/\/www.europesays.com\/fr\/647959\/"},"modified":"2026-01-07T21:28:18","modified_gmt":"2026-01-07T21:28:18","slug":"eboulement-de-la-riviere-les-dirigeants-de-la-carriere-bientot-juges","status":"publish","type":"post","link":"https:\/\/www.europesays.com\/fr\/647959\/","title":{"rendered":"\u00c9boulement de La Rivi\u00e8re: les dirigeants de la carri\u00e8re bient\u00f4t jug\u00e9s"},"content":{"rendered":"<p>\u00ab\u00a0C\u2019est un dossier technique, complexe, mais extr\u00eamement document\u00e9 \u00bb, a pos\u00e9 d\u2019embl\u00e9e d&rsquo;un ton grave \u00c9tienne Manteaux accompagn\u00e9 d&rsquo;un enqu\u00eateur de la brigade de recherches de Saint-Marcellin dans une salle du palais de justice de Grenoble, mercredi 7 janvier 2026. Face aux journalistes, le procureur a m\u00e9thodiquement d\u00e9roul\u00e9 les conclusions de l&rsquo;enqu\u00eate ouverte apr\u00e8s l\u2019effondrement d\u2019un pan entier de montagne, <a href=\"https:\/\/www.placegrenet.fr\/2024\/07\/26\/la-riviere-enorme-eboulement-rocheux-sur-la-rd-1532-entre-grenoble-et-valence-les-recherches-suspendues-dans-la-soiree\/633717\" target=\"_blank\" rel=\"noopener\">le 25 juillet 2024<\/a>, sur les communes de La Rivi\u00e8re et de Saint-Gervais.<\/p>\n<p>\u00c0 l\u2019issue de celle-ci, le directeur g\u00e9n\u00e9ral et le pr\u00e9sident de la soci\u00e9t\u00e9 Carri\u00e8re de l&rsquo;Is\u00e8re exploitant le coteau d&rsquo;Artets, ainsi que la personne morale, seront traduits devant le tribunal correctionnel de Grenoble, le 31 mars 2026, a-t-il annonc\u00e9.<\/p>\n<p>Pour bien faire comprendre la d\u00e9cision du parquet, \u00c9tienne Manteaux est remont\u00e9 plusieurs ann\u00e9es en arri\u00e8re. \u00ab Si je remonte aussi loin, c\u2019est qu\u2019il s\u2019est produit un \u00e9v\u00e9nement central pour la compr\u00e9hension de ce dossier \u00bb, a-t-il insist\u00e9. Ainsi, en mars 2019, deux mois avant le renouvellement pr\u00e9fectoral de l\u2019autorisation d\u2019exploiter la carri\u00e8re, un tir de mine a provoqu\u00e9 l\u2019effondrement de pr\u00e8s de 50 000 m3 de roche depuis le front montagneux surplombant le site.<\/p>\n<p><a href=\"https:\/\/www.europesays.com\/fr\/wp-content\/uploads\/2026\/01\/cpetiennemanteauxeboulementlarivierecreditjoelkermabon-1.jpg\"><img fetchpriority=\"high\" decoding=\"async\" aria-describedby=\"caption-attachment-668555\" class=\"wp-image-668555 size-full\" src=\"data:image\/svg+xml,%3Csvg%20xmlns=\" http:=\"\" alt=\"Pour \u00c9tienne Manteaux, \u00ab sans la carri\u00e8re, l\u2019effondrement ne se serait pas produit \u00bb. \u00a9 Jo\u00ebl Kermabon - Place Gre'net\" width=\"1500\" height=\"1124\" data-lazy- data-lazy- data-lazy-src=\"https:\/\/www.europesays.com\/fr\/wp-content\/uploads\/2026\/01\/cpetiennemanteauxeboulementlarivierecreditjoelkermabon-1.jpg\"\/><\/a><\/p>\n<p id=\"caption-attachment-668555\" class=\"wp-caption-text\">Pour \u00c9tienne Manteaux, \u00ab sans la carri\u00e8re, l\u2019effondrement [de La Rivi\u00e8re] ne se serait pas produit \u00bb. \u00a9 Jo\u00ebl Kermabon &#8211; Place Gre&rsquo;net<\/p>\n<p style=\"display: inline;\"> \u00bb, qui ne sera pourtant signal\u00e9 \u00e0 aucune autorit\u00e9 administrative. \u00ab <\/p>\n<p style=\"display: inline;\"> \u00bb, a affirm\u00e9 \u00c9tienne Manteaux. Pour le parquet, les exploitants de la carri\u00e8re avaient alors \u00ab\u00a0<\/p>\n<p style=\"display: inline;\"> \u00bb.<\/p>\n","protected":false},"excerpt":{"rendered":"\u00ab\u00a0C\u2019est un dossier technique, complexe, mais extr\u00eamement document\u00e9 \u00bb, a pos\u00e9 d\u2019embl\u00e9e d&rsquo;un ton grave \u00c9tienne Manteaux accompagn\u00e9&hellip;\n","protected":false},"author":2,"featured_media":647960,"comment_status":"","ping_status":"","sticky":false,"template":"","format":"standard","meta":{"footnotes":""},"categories":[9566],"tags":[1111,11,2430,1777,674,1011,27,2731,12,25],"class_list":{"0":"post-647959","1":"post","2":"type-post","3":"status-publish","4":"format-standard","5":"has-post-thumbnail","7":"category-grenoble","8":"tag-actu","9":"tag-actualites","10":"tag-auvergne-rhone-alpes","11":"tag-eu","12":"tag-europe","13":"tag-fr","14":"tag-france","15":"tag-grenoble","16":"tag-news","17":"tag-republique-francaise"},"share_on_mastodon":{"url":"https:\/\/pubeurope.com\/@fr\/115855943483591250","error":""},"_links":{"self":[{"href":"https:\/\/www.europesays.com\/fr\/wp-json\/wp\/v2\/posts\/647959","targetHints":{"allow":["GET"]}}],"collection":[{"href":"https:\/\/www.europesays.com\/fr\/wp-json\/wp\/v2\/posts"}],"about":[{"href":"https:\/\/www.europesays.com\/fr\/wp-json\/wp\/v2\/types\/post"}],"author":[{"embeddable":true,"href":"https:\/\/www.europesays.com\/fr\/wp-json\/wp\/v2\/users\/2"}],"replies":[{"embeddable":true,"href":"https:\/\/www.europesays.com\/fr\/wp-json\/wp\/v2\/comments?post=647959"}],"version-history":[{"count":0,"href":"https:\/\/www.europesays.com\/fr\/wp-json\/wp\/v2\/posts\/647959\/revisions"}],"wp:featuredmedia":[{"embeddable":true,"href":"https:\/\/www.europesays.com\/fr\/wp-json\/wp\/v2\/media\/647960"}],"wp:attachment":[{"href":"https:\/\/www.europesays.com\/fr\/wp-json\/wp\/v2\/media?parent=647959"}],"wp:term":[{"taxonomy":"category","embeddable":true,"href":"https:\/\/www.europesays.com\/fr\/wp-json\/wp\/v2\/categories?post=647959"},{"taxonomy":"post_tag","embeddable":true,"href":"https:\/\/www.europesays.com\/fr\/wp-json\/wp\/v2\/tags?post=647959"}],"curies":[{"name":"wp","href":"https:\/\/api.w.org\/{rel}","templated":true}]}}