{"id":647970,"date":"2026-01-07T21:35:11","date_gmt":"2026-01-07T21:35:11","guid":{"rendered":"https:\/\/www.europesays.com\/fr\/647970\/"},"modified":"2026-01-07T21:35:11","modified_gmt":"2026-01-07T21:35:11","slug":"athletisme-melanie-allier-bat-son-record-a-nice-sur-10-km","status":"publish","type":"post","link":"https:\/\/www.europesays.com\/fr\/647970\/","title":{"rendered":"Athl\u00e9tisme. M\u00e9lanie Allier bat son record \u00e0 Nice sur 10 km"},"content":{"rendered":"<p>C\u2019est une bonne fa\u00e7on de d\u00e9marrer l\u2019ann\u00e9e. Sur la promenade des Anglais \u00e0 Nice, \u00e0 l\u2019occasion du 10 kilom\u00e8tres ce dimanche 4\u00a0janvier, l\u2019Ard\u00e9choise M\u00e9lanie Allier a affol\u00e9 le chrono. La licenci\u00e9e de l\u2019Entente Athl\u00e9tique Rh\u00f4ne Vercors a termin\u00e9 sa course en 32 minutes et 27 secondes, am\u00e9liorant <a href=\"https:\/\/www.google.com\/url?sa=t&amp;source=web&amp;rct=j&amp;opi=89978449&amp;url=https:\/\/www.ledauphine.com\/actualite\/2025\/11\/16\/nouveau-record-personnel-pour-melanie-allier-a-lille&amp;ved=2ahUKEwjyt8_P5_mRAxUyUaQEHW-CKkMQxfQBKAB6BAgJEAE&amp;usg=AOvVaw2r4gdEdmOXjaRV9GBSv7uN\" target=\"_blank\" rel=\"noopener\"> la meilleure performance de sa carri\u00e8re, qu\u2019elle avait \u00e9tablie en novembre \u00e0 Lille, de 12 secondes.<\/a><\/p>\n<p>Une marque qui lui permet de terminer septi\u00e8me f\u00e9minine \u00e0 plus de deux minutes de la laur\u00e9ate, la Belge Jana Van Lent, qui s\u2019est adjug\u00e9 le record d\u2019Europe en 30 minutes et 10 secondes.<\/p>\n<p>\u00a0<\/p>\n<p>Ce contenu est bloqu\u00e9 car vous n&rsquo;avez pas accept\u00e9 les cookies et autres traceurs.<\/p>\n<p>En cliquant sur \u00ab J\u2019accepte \u00bb, les cookies et autres traceurs seront d\u00e9pos\u00e9s et vous pourrez visualiser les contenus  (<a href=\"\" class=\"consentModule_policy\" target=\"_blank\" title=\"Consulter la politique de protection des donn\u00e9es du fournisseur\">plus d&rsquo;informations<\/a>).<\/p>\n<p>En cliquant sur \u00ab J\u2019accepte tous les cookies \u00bb, vous autorisez des d\u00e9p\u00f4ts de cookies et autres traceurs pour le stockage de vos donn\u00e9es sur nos sites et applications \u00e0 des fins de personnalisation et de ciblage publicitaire.<\/p>\n<p class=\"consentModule_secondaryText\">Vous gardez la possibilit\u00e9 de retirer votre consentement \u00e0 tout moment en consultant notre <a href=\"https:\/\/www.ledauphine.com\/protection-des-donnees\" target=\"_blank\" title=\"Consulter notre politique de protection des donn\u00e9es\" rel=\"noopener\">politique de protection des donn\u00e9es<\/a>. <br \/>&#13;<br \/>\n            <a href=\"https:\/\/www.ledauphine.com\/sport\/2026\/01\/07\/javascript:Didomi.notice.show()\" class=\"consentModule_cmp\" target=\"_blank\" rel=\"noopener\">G\u00e9rer mes choix<\/a>&#13;\n        <\/p>\n<p>&#13;<br \/>\n                        J&rsquo;accepte&#13;<br \/>\n            J&rsquo;accepte tous les cookies&#13;\n        <\/p>\n<p>  Un gros programme \u00e0 venir<\/p>\n<p>Une premi\u00e8re mise en jambes cette saison pour l\u2019orthophoniste install\u00e9e \u00e0 Tournon-sur-Rh\u00f4ne, qui va encha\u00eener d\u00e8s ce dimanche sur un nouveau 10 kilom\u00e8tres, cette fois \u00e0 Valencia (Espagne).<\/p>\n<p>Deux courses r\u00e9put\u00e9es tr\u00e8s rapides, qui ont pour but de \u00ab\u00a0faire du rythme\u00a0\u00bb afin, ensuite, d\u2019aller chercher des chronos plus rapides sur semi-marathon, avec un objectif en dessous de 1\u00a0h\u00a010. Pour l\u2019instant son record sur les 21 kilom\u00e8tres est \u00e0 1\u00a0h\u00a010\u00a0min\u00a048\u00a0s, en f\u00e9vrier\u00a02025 \u00e0 Barcelone. <a href=\"https:\/\/www.google.com\/url?sa=t&amp;source=web&amp;rct=j&amp;opi=89978449&amp;url=https:\/\/www.ledauphine.com\/sport\/2025\/11\/17\/allier-me-rapprocher-des-32-minutes-sur-10-km&amp;ved=2ahUKEwjyt8_P5_mRAxUyUaQEHW-CKkMQxfQBKAB6BAgQEAE&amp;usg=AOvVaw0IuScii8N98tibH5tJSwgG\" target=\"_blank\" rel=\"noopener\">Une barre symbolique<\/a> que la prot\u00e9g\u00e9e de Farouk Madaci pourrait aller chercher cette ann\u00e9e.<\/p>\n","protected":false},"excerpt":{"rendered":"C\u2019est une bonne fa\u00e7on de d\u00e9marrer l\u2019ann\u00e9e. Sur la promenade des Anglais \u00e0 Nice, \u00e0 l\u2019occasion du 10&hellip;\n","protected":false},"author":2,"featured_media":647971,"comment_status":"","ping_status":"","sticky":false,"template":"","format":"standard","meta":{"footnotes":""},"categories":[2819],"tags":[1111,11,4646,4132,48938,3827,1777,674,1701,1011,27,12,2401,882,25,517,12920],"class_list":{"0":"post-647970","1":"post","2":"type-post","3":"status-publish","4":"format-standard","5":"has-post-thumbnail","7":"category-nice","8":"tag-actu","9":"tag-actualites","10":"tag-ardeche","11":"tag-athletisme","12":"tag-bassin-de-tain-tournon","13":"tag-edition-annonay-nord-ardeche","14":"tag-eu","15":"tag-europe","16":"tag-fil-info-sport","17":"tag-fr","18":"tag-france","19":"tag-news","20":"tag-nice","21":"tag-provence-alpes-cote-dazur","22":"tag-republique-francaise","23":"tag-sport","24":"tag-tournon-sur-rhone"},"share_on_mastodon":{"url":"https:\/\/pubeurope.com\/@fr\/115855970959625076","error":""},"_links":{"self":[{"href":"https:\/\/www.europesays.com\/fr\/wp-json\/wp\/v2\/posts\/647970","targetHints":{"allow":["GET"]}}],"collection":[{"href":"https:\/\/www.europesays.com\/fr\/wp-json\/wp\/v2\/posts"}],"about":[{"href":"https:\/\/www.europesays.com\/fr\/wp-json\/wp\/v2\/types\/post"}],"author":[{"embeddable":true,"href":"https:\/\/www.europesays.com\/fr\/wp-json\/wp\/v2\/users\/2"}],"replies":[{"embeddable":true,"href":"https:\/\/www.europesays.com\/fr\/wp-json\/wp\/v2\/comments?post=647970"}],"version-history":[{"count":0,"href":"https:\/\/www.europesays.com\/fr\/wp-json\/wp\/v2\/posts\/647970\/revisions"}],"wp:featuredmedia":[{"embeddable":true,"href":"https:\/\/www.europesays.com\/fr\/wp-json\/wp\/v2\/media\/647971"}],"wp:attachment":[{"href":"https:\/\/www.europesays.com\/fr\/wp-json\/wp\/v2\/media?parent=647970"}],"wp:term":[{"taxonomy":"category","embeddable":true,"href":"https:\/\/www.europesays.com\/fr\/wp-json\/wp\/v2\/categories?post=647970"},{"taxonomy":"post_tag","embeddable":true,"href":"https:\/\/www.europesays.com\/fr\/wp-json\/wp\/v2\/tags?post=647970"}],"curies":[{"name":"wp","href":"https:\/\/api.w.org\/{rel}","templated":true}]}}