{"id":647974,"date":"2026-01-07T21:38:07","date_gmt":"2026-01-07T21:38:07","guid":{"rendered":"https:\/\/www.europesays.com\/fr\/647974\/"},"modified":"2026-01-07T21:38:07","modified_gmt":"2026-01-07T21:38:07","slug":"le-combat-mene-par-fiona-lauriol-sauver-les-aines-en-ne-les-laissant-pas-attendre","status":"publish","type":"post","link":"https:\/\/www.europesays.com\/fr\/647974\/","title":{"rendered":"Le combat men\u00e9 par Fiona Lauriol\u00a0: \u00ab\u00a0sauver les a\u00een\u00e9s\u00a0\u00bb en ne les laissant pas \u00ab\u00a0attendre"},"content":{"rendered":"<p>Sa ch\u00e8re grand-m\u00e8re n\u2019est plus. Elle a rendu l\u2019\u00e2me \u00e0 103\u00a0ans, \u00a0avec un sourire apais\u00e9\u00a0. <a href=\"https:\/\/quimper.maville.com\/actu\/actudet_--je-ne-voulais-pas-la-laisser-mourir-seule-elle-a-fait-un-road-trip-en-europe-avec-sa-grand-mere-centenaire-_54028-7133925_actu.Htm\" target=\"_self\" rel=\"noopener\">C\u2019est avec elle que Fiona Lauriol avait pris la route, en 2018, \u00e0 bord d\u2019un camping-car<\/a>. Un road trip de 15\u00a0000\u00a0km qui les a men\u00e9es dans le sud de la France, en Espagne et au Portugal.<\/p>\n<p>Lorsque Fiona se rapproche de sa grand-m\u00e8re de 101\u00a0ans, la doyenne est mourante. \u00a0Nous avions peu de liens affectifs. Je lui ai propos\u00e9 ce projet fou de partir en camping-car. On a test\u00e9 quarante jours, pour voir si elle s\u2019acclimatait. Une catastrophe\u00a0! Mais apr\u00e8s le retour, elle s\u2019est sentie pr\u00eate. On est reparties. \u00c0 102\u00a0ans, elle a v\u00e9cu son premier concert dans le d\u00e9sert des Bardenas\u00a0, d\u00e9roule la Vend\u00e9enne de 43\u00a0ans.<\/p>\n<p>Au fil des paysages et des rencontres, Fiona Lauriol voit sa mamie s\u2019\u00e9panouir et rajeunir. Depuis, la quadra combat les st\u00e9r\u00e9otypes du type \u00a0il faut laisser les vieux au chaud attendre la mort\u00a0\u00bb. Il est grand temps, dit-elle, de poser un regard neuf sur ceux qui ont \u00a0tant \u00e0 nous apporter\u00a0\u00bb. Sur sa page <a href=\"https:\/\/www.facebook.com\/101ansmemepartenvadrouille\/?locale=fr_FR\" target=\"_self\" rel=\"noopener\">Facebook<\/a>, c\u2019est \u00e9crit noir sur blanc\u00a0: \u00a0Il faut sauver nos a\u00een\u00e9s.\u00a0<\/p>\n<p>\u00a0Vivre pleinement jusqu\u2019au bout\u00a0<\/p>\n<p>Fiona en a fait un livre, \u00ab\u00a0101\u00a0ans, M\u00e9m\u00e9 part en vadrouille\u00a0\u00bb (\u00e9d. Blackl\u00e9phant), et a donn\u00e9 des centaines de conf\u00e9rences. Elle a aussi repris la route en compagnie de ses parents, Fosca et Thierry. De passage \u00e0 Nantes, le trio a pos\u00e9 ses  \u00a0caravanes\u00a0  au camping du Petit-Port. Et rencontr\u00e9, ce mardi 6\u00a0janvier, divers \u00e9lus, dont la s\u00e9natrice Karine Daniel. L\u2019id\u00e9e\u00a0: \u00e9changer les bonnes pratiques.  \u00a0Celles qui sont d\u00e9j\u00e0 en place et celles qu\u2019on pourrait mettre en \u0153uvre pour que les arthrolescents vivent pleinement jusqu\u2019au bout.\u00a0<\/p>\n<p>Selon les Petits Fr\u00e8res des pauvres, en France, 750\u00a0000\u00a0a\u00een\u00e9s seraient en situation de mort sociale. \u00a0Quand nous, on sera vieux, on sera trois millions\u00a0, alerte Fiona. \u00a0Nous sommes hyperconnect\u00e9s, mais nous communiquons de moins en moins. \u00c0 chacun d\u2019aller voir si son voisin qui n\u2019a pas ouvert les volets va bien.\u00a0 Le tour de France s\u2019ach\u00e8vera en juin \u00e0 Paris o\u00f9 Fiona et ses parents seront re\u00e7us \u00e0 l\u2019Assembl\u00e9e nationale et au S\u00e9nat.<\/p>\n<p>\u00a0<\/p>\n","protected":false},"excerpt":{"rendered":"Sa ch\u00e8re grand-m\u00e8re n\u2019est plus. Elle a rendu l\u2019\u00e2me \u00e0 103\u00a0ans, \u00a0avec un sourire apais\u00e9\u00a0. C\u2019est avec elle&hellip;\n","protected":false},"author":2,"featured_media":647975,"comment_status":"","ping_status":"","sticky":false,"template":"","format":"standard","meta":{"footnotes":""},"categories":[2818],"tags":[1111,11,18462,11351,6100,5432,1777,674,75315,1011,27,75317,75316,5433,18,766,12,2636,25,9874],"class_list":{"0":"post-647974","1":"post","2":"type-post","3":"status-publish","4":"format-standard","5":"has-post-thumbnail","7":"category-nantes","8":"tag-actu","9":"tag-actualites","10":"tag-aines","11":"tag-attendre","12":"tag-chaud","13":"tag-combat","14":"tag-eu","15":"tag-europe","16":"tag-fiona","17":"tag-fr","18":"tag-france","19":"tag-laissant","20":"tag-lauriol","21":"tag-mene","22":"tag-mort","23":"tag-nantes","24":"tag-news","25":"tag-pays-de-la-loire","26":"tag-republique-francaise","27":"tag-sauver"},"share_on_mastodon":{"url":"https:\/\/pubeurope.com\/@fr\/115855982877423305","error":""},"_links":{"self":[{"href":"https:\/\/www.europesays.com\/fr\/wp-json\/wp\/v2\/posts\/647974","targetHints":{"allow":["GET"]}}],"collection":[{"href":"https:\/\/www.europesays.com\/fr\/wp-json\/wp\/v2\/posts"}],"about":[{"href":"https:\/\/www.europesays.com\/fr\/wp-json\/wp\/v2\/types\/post"}],"author":[{"embeddable":true,"href":"https:\/\/www.europesays.com\/fr\/wp-json\/wp\/v2\/users\/2"}],"replies":[{"embeddable":true,"href":"https:\/\/www.europesays.com\/fr\/wp-json\/wp\/v2\/comments?post=647974"}],"version-history":[{"count":0,"href":"https:\/\/www.europesays.com\/fr\/wp-json\/wp\/v2\/posts\/647974\/revisions"}],"wp:featuredmedia":[{"embeddable":true,"href":"https:\/\/www.europesays.com\/fr\/wp-json\/wp\/v2\/media\/647975"}],"wp:attachment":[{"href":"https:\/\/www.europesays.com\/fr\/wp-json\/wp\/v2\/media?parent=647974"}],"wp:term":[{"taxonomy":"category","embeddable":true,"href":"https:\/\/www.europesays.com\/fr\/wp-json\/wp\/v2\/categories?post=647974"},{"taxonomy":"post_tag","embeddable":true,"href":"https:\/\/www.europesays.com\/fr\/wp-json\/wp\/v2\/tags?post=647974"}],"curies":[{"name":"wp","href":"https:\/\/api.w.org\/{rel}","templated":true}]}}