{"id":647982,"date":"2026-01-07T21:42:11","date_gmt":"2026-01-07T21:42:11","guid":{"rendered":"https:\/\/www.europesays.com\/fr\/647982\/"},"modified":"2026-01-07T21:42:11","modified_gmt":"2026-01-07T21:42:11","slug":"au-retour-despagne-le-transporteur-de-50-kg-de-cannabis-termine-son-voyage-en-prison","status":"publish","type":"post","link":"https:\/\/www.europesays.com\/fr\/647982\/","title":{"rendered":"Au retour d\u2019Espagne, le transporteur de 50\u00a0kg de cannabis termine son voyage en prison"},"content":{"rendered":"<p>\n                                                                    l&rsquo;essentiel<br \/>\n                                                                Un contr\u00f4le routier \u00e0 Toulouse a permis de saisir pr\u00e8s de 50\u00a0kg de cannabis. Le conducteur, sans ant\u00e9c\u00e9dents, a \u00e9t\u00e9 condamn\u00e9 \u00e0 trois ans de prison. Il devra aussi payer une amende de 156\u00a0416\u00a0euros.\n                            <\/p>\n<p>Un voyage discret, au milieu des vacanciers. L\u2019assurance de passer inaper\u00e7u. Ou pas. Et samedi, dans la soir\u00e9e, la brigade de Frouzins surveillait le p\u00e9age de Toulouse sud. Quand les douaniers ont vu arriver un v\u00e9hicule avec un homme seul \u00e0 bord, ils ont tout de suite voulu effectuer un contr\u00f4le.<\/p>\n<p>Le conducteur a bien tent\u00e9 de s\u2019\u00e9chapper mais au volant d\u2019une voiture de location, il n\u2019a pas pu s\u2019\u00e9chapper longtemps. Dans le v\u00e9hicule, les douaniers ont d\u00e9couvert un peu moins de 50\u00a0kg de cannabis. Ils ont aussi retrouv\u00e9 un t\u00e9l\u00e9phone sp\u00e9cialement destin\u00e9 \u00e0 ce voyage.<\/p>\n<p>Jamais condamn\u00e9<\/p>\n<p>Un appareil de \u00ab\u00a0guerre\u00a0\u00bb que le suspect a refus\u00e9 de d\u00e9verrouiller, pas press\u00e9 d\u2019aider les enqu\u00eateurs \u00e0 remonter son p\u00e9riple et les donneurs d\u2019ordre. Devant ses juges, cet homme sans ant\u00e9c\u00e9dents judiciaires a reconnu avoir \u00e9t\u00e9 \u00ab\u00a0recrut\u00e9\u00a0\u00bb sp\u00e9cialement pour cet aller-retour entre Beauvais et l\u2019Espagne o\u00f9 il a pris livraison de stup\u00e9fiants. Il devait les livrer dans la grande banlieue parisienne.<\/p>\n<p class=\"std-elt__inline\">\n        <strong>\u00c0 lire aussi :<\/strong><br \/>\n        <a href=\"https:\/\/www.ladepeche.fr\/2025\/12\/22\/une-simple-attitude-suspecte-fait-tomber-un-pactole-de-19-000-euros-en-cash-quatre-hommes-arretes-a-toulouse-13126328.php\" target=\"_blank\" rel=\"noopener\">Une simple attitude suspecte fait tomber un pactole de 19\u00a0000\u00a0euros en cash, quatre hommes arr\u00eat\u00e9s \u00e0 Toulouse<\/a>\n    <\/p>\n<p>Cette premi\u00e8re, il ne va pas l\u2019oublier. Parce que les juges ont suivi les r\u00e9quisitions du procureur et ils l\u2019ont condamn\u00e9 \u00e0 trois ans de prison, dont deux ann\u00e9es avec sursis probatoire. Parmi ses obligations, le paiement d\u2019une solide amende douani\u00e8re\u00a0: 156\u00a0416\u00a0euros. Le cannabis a \u00e9t\u00e9 saisi et bient\u00f4t d\u00e9truit.<\/p>\n","protected":false},"excerpt":{"rendered":"l&rsquo;essentiel Un contr\u00f4le routier \u00e0 Toulouse a permis de saisir pr\u00e8s de 50\u00a0kg de cannabis. Le conducteur, sans&hellip;\n","protected":false},"author":2,"featured_media":647983,"comment_status":"","ping_status":"","sticky":false,"template":"","format":"standard","meta":{"footnotes":""},"categories":[2816],"tags":[1111,11,1777,674,1011,27,329,2722,303,12,2680,25,2312],"class_list":{"0":"post-647982","1":"post","2":"type-post","3":"status-publish","4":"format-standard","5":"has-post-thumbnail","7":"category-toulouse","8":"tag-actu","9":"tag-actualites","10":"tag-eu","11":"tag-europe","12":"tag-fr","13":"tag-france","14":"tag-france-monde","15":"tag-haute-garonne","16":"tag-justice","17":"tag-news","18":"tag-occitanie","19":"tag-republique-francaise","20":"tag-toulouse"},"share_on_mastodon":{"url":"https:\/\/pubeurope.com\/@fr\/115855998630621935","error":""},"_links":{"self":[{"href":"https:\/\/www.europesays.com\/fr\/wp-json\/wp\/v2\/posts\/647982","targetHints":{"allow":["GET"]}}],"collection":[{"href":"https:\/\/www.europesays.com\/fr\/wp-json\/wp\/v2\/posts"}],"about":[{"href":"https:\/\/www.europesays.com\/fr\/wp-json\/wp\/v2\/types\/post"}],"author":[{"embeddable":true,"href":"https:\/\/www.europesays.com\/fr\/wp-json\/wp\/v2\/users\/2"}],"replies":[{"embeddable":true,"href":"https:\/\/www.europesays.com\/fr\/wp-json\/wp\/v2\/comments?post=647982"}],"version-history":[{"count":0,"href":"https:\/\/www.europesays.com\/fr\/wp-json\/wp\/v2\/posts\/647982\/revisions"}],"wp:featuredmedia":[{"embeddable":true,"href":"https:\/\/www.europesays.com\/fr\/wp-json\/wp\/v2\/media\/647983"}],"wp:attachment":[{"href":"https:\/\/www.europesays.com\/fr\/wp-json\/wp\/v2\/media?parent=647982"}],"wp:term":[{"taxonomy":"category","embeddable":true,"href":"https:\/\/www.europesays.com\/fr\/wp-json\/wp\/v2\/categories?post=647982"},{"taxonomy":"post_tag","embeddable":true,"href":"https:\/\/www.europesays.com\/fr\/wp-json\/wp\/v2\/tags?post=647982"}],"curies":[{"name":"wp","href":"https:\/\/api.w.org\/{rel}","templated":true}]}}