{"id":647990,"date":"2026-01-07T21:47:18","date_gmt":"2026-01-07T21:47:18","guid":{"rendered":"https:\/\/www.europesays.com\/fr\/647990\/"},"modified":"2026-01-07T21:47:18","modified_gmt":"2026-01-07T21:47:18","slug":"a-peine-rouverts-les-bureaux-dorange-a-marseille-ferment-sur-fond-de-violences","status":"publish","type":"post","link":"https:\/\/www.europesays.com\/fr\/647990\/","title":{"rendered":"\u00c0 peine rouverts, les bureaux d\u2019Orange \u00e0 Marseille ferment sur fond de violences"},"content":{"rendered":"<p>Des impacts de balles relev\u00e9s \u00e0 proximit\u00e9 du site de Massalia, dans le 3e arrondissement, ont conduit la direction d\u2019Orange \u00e0 fermer de nouveau son si\u00e8ge marseillais. En attendant les conclusions de l\u2019enqu\u00eate, les \u00e9quipes sont invit\u00e9es \u00e0 travailler ailleurs ou \u00e0 distance.<\/p>\n<p>\u00c0 peine le temps de reprendre ses marques que le rideau retombe. Les bureaux du si\u00e8ge d\u2019Orange \u00e0 Marseille, r\u00e9cemment rouverts apr\u00e8s quinze jours de fermeture \u00e0 la fin de l&rsquo;ann\u00e9e derni\u00e8re, suite \u00e0 des incidents en lien avec le trafic de drogue, <strong>ferment \u00e0 nouveau pour une dur\u00e9e ind\u00e9termin\u00e9e.<\/strong> En cause\u00a0: de nouveaux troubles dans le quartier de Saint-Mauront, o\u00f9 le site Orange Massalia, situ\u00e9 dans le 3e arrondissement, se retrouve \u00e0 proximit\u00e9 imm\u00e9diate de points de deal.<\/p>\n<p>Lundi, <strong>des impacts de balles ont \u00e9t\u00e9 d\u00e9couverts sur l\u2019un des b\u00e2timents du site.<\/strong> Une situation jug\u00e9e suffisamment grave pour d\u00e9clencher une r\u00e9action imm\u00e9diate de la direction. Les forces de l\u2019ordre se sont rendues sur place afin de proc\u00e9der aux premi\u00e8res constatations et tenter de d\u00e9terminer l\u2019origine ainsi que la date des tirs. La pr\u00e9f\u00e8te de police s\u2019est \u00e9galement d\u00e9plac\u00e9e et le dispositif de s\u00e9curit\u00e9 autour du site a \u00e9t\u00e9 renforc\u00e9.<\/p>\n<p>Les locaux d&rsquo;Orange \u00e0 St Mauront sont ferm\u00e9s jusqu&rsquo;\u00e0 nouvel ordre<\/p>\n<p>Les premi\u00e8res conclusions de l&rsquo;enqu\u00eate, ont conduit la direction d&rsquo;Orange \u00e0 ne prendre aucun risque pour son millier de collaborateurs pr\u00e9sents dans le site du 3eme arrondissement prendre Fid\u00e8le \u00e0 sa ligne de conduite, Orange rappelle que <strong>la s\u00e9curit\u00e9 de ses collaborateurs reste la priorit\u00e9 absolue<\/strong>. En cons\u00e9quence, la direction a d\u00e9cid\u00e9 qu&rsquo;\u00e0 compter de\u00a0 ce jeudi 8 janvier, et pour toute la dur\u00e9e de l\u2019enqu\u00eate, les \u00e9quipes devront travailler sur un autre site du d\u00e9partement ou basculer en t\u00e9l\u00e9travail.<\/p>\n<p>Dans un communiqu\u00e9 la direction d\u2019Orange rappelle que des mesures d\u2019accompagnement ont \u00e9galement \u00e9t\u00e9 mises en place afin de soutenir les collaborateurs face \u00e0 cette situation inhabituelle et anxiog\u00e8ne. L\u2019entreprise indique rester <strong>en lien \u00e9troit et r\u00e9gulier avec les forces de l\u2019ordre<\/strong> pour toute question li\u00e9e \u00e0 la s\u00e9curit\u00e9.<\/p>\n","protected":false},"excerpt":{"rendered":"Des impacts de balles relev\u00e9s \u00e0 proximit\u00e9 du site de Massalia, dans le 3e arrondissement, ont conduit la&hellip;\n","protected":false},"author":2,"featured_media":647991,"comment_status":"","ping_status":"","sticky":false,"template":"","format":"standard","meta":{"footnotes":""},"categories":[2814],"tags":[1111,11,1777,674,1011,27,884,12,882,25],"class_list":{"0":"post-647990","1":"post","2":"type-post","3":"status-publish","4":"format-standard","5":"has-post-thumbnail","7":"category-marseille","8":"tag-actu","9":"tag-actualites","10":"tag-eu","11":"tag-europe","12":"tag-fr","13":"tag-france","14":"tag-marseille","15":"tag-news","16":"tag-provence-alpes-cote-dazur","17":"tag-republique-francaise"},"share_on_mastodon":{"url":"https:\/\/pubeurope.com\/@fr\/115856018300978047","error":""},"_links":{"self":[{"href":"https:\/\/www.europesays.com\/fr\/wp-json\/wp\/v2\/posts\/647990","targetHints":{"allow":["GET"]}}],"collection":[{"href":"https:\/\/www.europesays.com\/fr\/wp-json\/wp\/v2\/posts"}],"about":[{"href":"https:\/\/www.europesays.com\/fr\/wp-json\/wp\/v2\/types\/post"}],"author":[{"embeddable":true,"href":"https:\/\/www.europesays.com\/fr\/wp-json\/wp\/v2\/users\/2"}],"replies":[{"embeddable":true,"href":"https:\/\/www.europesays.com\/fr\/wp-json\/wp\/v2\/comments?post=647990"}],"version-history":[{"count":0,"href":"https:\/\/www.europesays.com\/fr\/wp-json\/wp\/v2\/posts\/647990\/revisions"}],"wp:featuredmedia":[{"embeddable":true,"href":"https:\/\/www.europesays.com\/fr\/wp-json\/wp\/v2\/media\/647991"}],"wp:attachment":[{"href":"https:\/\/www.europesays.com\/fr\/wp-json\/wp\/v2\/media?parent=647990"}],"wp:term":[{"taxonomy":"category","embeddable":true,"href":"https:\/\/www.europesays.com\/fr\/wp-json\/wp\/v2\/categories?post=647990"},{"taxonomy":"post_tag","embeddable":true,"href":"https:\/\/www.europesays.com\/fr\/wp-json\/wp\/v2\/tags?post=647990"}],"curies":[{"name":"wp","href":"https:\/\/api.w.org\/{rel}","templated":true}]}}