{"id":647994,"date":"2026-01-07T21:49:13","date_gmt":"2026-01-07T21:49:13","guid":{"rendered":"https:\/\/www.europesays.com\/fr\/647994\/"},"modified":"2026-01-07T21:49:13","modified_gmt":"2026-01-07T21:49:13","slug":"pierre-oliver-lr-tout-en-remerciements-pour-les-forces-vives-de-son-arrondissement","status":"publish","type":"post","link":"https:\/\/www.europesays.com\/fr\/647994\/","title":{"rendered":"Pierre Oliver (LR), tout en remerciements pour les forces vives de son arrondissement"},"content":{"rendered":"<p>Sacrifier \u00e0 la tradition n\u2019est pas toujours chose ais\u00e9e. Pour sa derni\u00e8re c\u00e9r\u00e9monie des v\u0153ux de ce mandat municipal 2020-2026, <a href=\"https:\/\/www.leprogres.fr\/p\/pierre-oliver\" target=\"_blank\" rel=\"noopener\">Pierre Oliver<\/a>, maire LR du 2e\u00a0 arrondissement, \u00e9tait quelque peu b\u00e2illonn\u00e9. R\u00e9serve \u00e9lectorale oblige, il n\u2019\u00e9tait, ce mercredi 7\u00a0janvier, ni question d\u2019\u00e9tablir un bilan des actions pass\u00e9es ni de formuler de grandes annonces. Pourtant, des id\u00e9es \u2013 on le sait et on le voit r\u00e9guli\u00e8rement sur les r\u00e9seaux sociaux \u2013 Pierre Oliver en manque rarement.<\/p>\n<p>Aussi, un peu \u00e0 la fa\u00e7on des deux derniers conseils&#8230;<\/p>\n","protected":false},"excerpt":{"rendered":"Sacrifier \u00e0 la tradition n\u2019est pas toujours chose ais\u00e9e. Pour sa derni\u00e8re c\u00e9r\u00e9monie des v\u0153ux de ce mandat&hellip;\n","protected":false},"author":2,"featured_media":647995,"comment_status":"","ping_status":"","sticky":false,"template":"","format":"standard","meta":{"footnotes":""},"categories":[1889],"tags":[1111,11,2430,1984,2757,1777,674,1011,27,6319,2428,12354,12353,12,316,25,2429,801,104],"class_list":{"0":"post-647994","1":"post","2":"type-post","3":"status-publish","4":"format-standard","5":"has-post-thumbnail","7":"category-lyon","8":"tag-actu","9":"tag-actualites","10":"tag-auvergne-rhone-alpes","11":"tag-conseil-municipal","12":"tag-edition-lyon-villeurbanne","13":"tag-eu","14":"tag-europe","15":"tag-fr","16":"tag-france","17":"tag-les-republicains","18":"tag-lyon","19":"tag-lyon-2e","20":"tag-lyon-2e-arrondissement","21":"tag-news","22":"tag-politique","23":"tag-republique-francaise","24":"tag-rhone","25":"tag-social","26":"tag-societe"},"share_on_mastodon":{"url":"https:\/\/pubeurope.com\/@fr\/115856026000523601","error":""},"_links":{"self":[{"href":"https:\/\/www.europesays.com\/fr\/wp-json\/wp\/v2\/posts\/647994","targetHints":{"allow":["GET"]}}],"collection":[{"href":"https:\/\/www.europesays.com\/fr\/wp-json\/wp\/v2\/posts"}],"about":[{"href":"https:\/\/www.europesays.com\/fr\/wp-json\/wp\/v2\/types\/post"}],"author":[{"embeddable":true,"href":"https:\/\/www.europesays.com\/fr\/wp-json\/wp\/v2\/users\/2"}],"replies":[{"embeddable":true,"href":"https:\/\/www.europesays.com\/fr\/wp-json\/wp\/v2\/comments?post=647994"}],"version-history":[{"count":0,"href":"https:\/\/www.europesays.com\/fr\/wp-json\/wp\/v2\/posts\/647994\/revisions"}],"wp:featuredmedia":[{"embeddable":true,"href":"https:\/\/www.europesays.com\/fr\/wp-json\/wp\/v2\/media\/647995"}],"wp:attachment":[{"href":"https:\/\/www.europesays.com\/fr\/wp-json\/wp\/v2\/media?parent=647994"}],"wp:term":[{"taxonomy":"category","embeddable":true,"href":"https:\/\/www.europesays.com\/fr\/wp-json\/wp\/v2\/categories?post=647994"},{"taxonomy":"post_tag","embeddable":true,"href":"https:\/\/www.europesays.com\/fr\/wp-json\/wp\/v2\/tags?post=647994"}],"curies":[{"name":"wp","href":"https:\/\/api.w.org\/{rel}","templated":true}]}}