{"id":647996,"date":"2026-01-07T21:51:16","date_gmt":"2026-01-07T21:51:16","guid":{"rendered":"https:\/\/www.europesays.com\/fr\/647996\/"},"modified":"2026-01-07T21:51:16","modified_gmt":"2026-01-07T21:51:16","slug":"vue-du-ciel-lile-de-france-sublimee-par-la-neige-journal-de-20-heures","status":"publish","type":"post","link":"https:\/\/www.europesays.com\/fr\/647996\/","title":{"rendered":"Vue du ciel : l&rsquo;\u00cele-de-France sublim\u00e9e par la neige &#8211; Journal de 20 heures"},"content":{"rendered":"<p id=\"descriptionPanel\" class=\"text-secondary mr-2 line-clamp-2 pr-2.5 overflow-visible\">Comment prendre la mesure exacte de cet \u00e9pisode de neige d&rsquo;une dur\u00e9e et d&rsquo;une ampleur exceptionnelle ? Ce mercredi apr\u00e8s-midi, l&rsquo;une de nos \u00e9quipes a pris de la hauteur. Du ch\u00e2teau de Versailles \u00e0 la Grande Arche de la D\u00e9fense\u2026 Les paysages et les monuments que vous croyez conna\u00eetre sont m\u00e9tamorphos\u00e9s comme fig\u00e9s. Au milieu des champs recouverts de blanc, l&rsquo;autoroute\u00a0A13 entre Paris et la Normandie est m\u00e9connue. \u00c0 Giverny, les jardins de Claude Monet ont disparu sous les flocons.<\/p>\n<p>TF1 | Reportage L. GELABERT, A. MOUCHARD<\/p>\n<p>Afficher la version longue du r\u00e9sum\u00e9<a class=\"shrink-0\" href=\"https:\/\/www.tf1.fr\/tf1\/jt-20h\" target=\"_blank\" rel=\"noopener\"><img decoding=\"async\" src=\"https:\/\/www.europesays.com\/fr\/wp-content\/uploads\/2025\/09\/program-card-portrait-1-2a6a1e-2a3b77-0@1x.jpg\" width=\"138\" height=\"184\" alt=\"\" loading=\"eager\" fetchpriority=\"auto\" class=\"rounded-3px aspect-[3\/4] h-24 w-auto\" aria-hidden=\"true\"\/><\/a><img alt=\"Sous-Titrage T\u00e9l\u00e9texte\" loading=\"lazy\" width=\"27\" height=\"20\" decoding=\"async\" data-nimg=\"1\" style=\"color:transparent\" src=\"https:\/\/www.tf1.fr\/public\/_next\/static\/media\/sme.b8f879c0.svg\"\/><\/p>\n<p>1m<\/p>\n<p>7 janv. 2026 \u00e0 20:05<\/p>\n","protected":false},"excerpt":{"rendered":"Comment prendre la mesure exacte de cet \u00e9pisode de neige d&rsquo;une dur\u00e9e et d&rsquo;une ampleur exceptionnelle ? Ce&hellip;\n","protected":false},"author":2,"featured_media":647997,"comment_status":"","ping_status":"","sticky":false,"template":"","format":"standard","meta":{"footnotes":""},"categories":[1592],"tags":[1111,11,1777,674,3483,3697,41323,41321,1011,27,662,3699,3698,41324,41329,41333,41322,41330,41334,41327,41326,12,626,25,41331,41332,3701,41328,3700,41325],"class_list":{"0":"post-647996","1":"post","2":"type-post","3":"status-publish","4":"format-standard","5":"has-post-thumbnail","7":"category-ile-de-france","8":"tag-actu","9":"tag-actualites","10":"tag-eu","11":"tag-europe","12":"tag-extrait","13":"tag-extrait-journal-de-20-heures","14":"tag-extrait-journal-de-20-heures-tf1","15":"tag-extrait-tf1","16":"tag-fr","17":"tag-france","18":"tag-ile-de-france","19":"tag-journal-de-20-heures","20":"tag-journal-de-20-heures-extrait","21":"tag-journal-de-20-heures-extrait-tf1","22":"tag-journal-de-20-heures-streaming","23":"tag-journal-de-20-heures-streaming-gratuit","24":"tag-journal-de-20-heures-tf1","25":"tag-journal-de-20-heures-tf1-streaming","26":"tag-journal-de-20-heures-tf1-streaming-gratuit","27":"tag-journal-de-20-heures-tf1-video","28":"tag-journal-de-20-heures-video","29":"tag-news","30":"tag-paris","31":"tag-republique-francaise","32":"tag-streaming-gratuit-journal-de-20-heures","33":"tag-streaming-gratuit-journal-de-20-heures-tf1","34":"tag-streaming-journal-de-20-heures","35":"tag-streaming-journal-de-20-heures-tf1","36":"tag-video-journal-de-20-heures","37":"tag-video-journal-de-20-heures-tf1"},"share_on_mastodon":{"url":"","error":"Validation failed: Text character limit of 500 exceeded"},"_links":{"self":[{"href":"https:\/\/www.europesays.com\/fr\/wp-json\/wp\/v2\/posts\/647996","targetHints":{"allow":["GET"]}}],"collection":[{"href":"https:\/\/www.europesays.com\/fr\/wp-json\/wp\/v2\/posts"}],"about":[{"href":"https:\/\/www.europesays.com\/fr\/wp-json\/wp\/v2\/types\/post"}],"author":[{"embeddable":true,"href":"https:\/\/www.europesays.com\/fr\/wp-json\/wp\/v2\/users\/2"}],"replies":[{"embeddable":true,"href":"https:\/\/www.europesays.com\/fr\/wp-json\/wp\/v2\/comments?post=647996"}],"version-history":[{"count":0,"href":"https:\/\/www.europesays.com\/fr\/wp-json\/wp\/v2\/posts\/647996\/revisions"}],"wp:featuredmedia":[{"embeddable":true,"href":"https:\/\/www.europesays.com\/fr\/wp-json\/wp\/v2\/media\/647997"}],"wp:attachment":[{"href":"https:\/\/www.europesays.com\/fr\/wp-json\/wp\/v2\/media?parent=647996"}],"wp:term":[{"taxonomy":"category","embeddable":true,"href":"https:\/\/www.europesays.com\/fr\/wp-json\/wp\/v2\/categories?post=647996"},{"taxonomy":"post_tag","embeddable":true,"href":"https:\/\/www.europesays.com\/fr\/wp-json\/wp\/v2\/tags?post=647996"}],"curies":[{"name":"wp","href":"https:\/\/api.w.org\/{rel}","templated":true}]}}