{"id":647998,"date":"2026-01-07T21:52:13","date_gmt":"2026-01-07T21:52:13","guid":{"rendered":"https:\/\/www.europesays.com\/fr\/647998\/"},"modified":"2026-01-07T21:52:13","modified_gmt":"2026-01-07T21:52:13","slug":"groenland-paris-et-berlin-travaillent-a-une-reponse-europeenne-actualites-linfo-du-jour","status":"publish","type":"post","link":"https:\/\/www.europesays.com\/fr\/647998\/","title":{"rendered":"Groenland: Paris et Berlin travaillent \u00e0 une \u00ab\u00a0r\u00e9ponse\u00a0\u00bb europ\u00e9enne &#8211; ACTUALIT\u00c9S &#8211; L\u2019info du jour"},"content":{"rendered":"<p class=\"post_meta\">7 janvier 2026Reuters<\/p>\n<p>\t\t\t\t\t\t\t<a class=\"ad ad_above\" href=\"https:\/\/www.jefaisundon.com\/soutenir\/\" target=\"_blank\" rel=\"noopener\"><br \/>\n\t\t\t\t\t\t\t\t<img decoding=\"async\" src=\"https:\/\/www.europesays.com\/fr\/wp-content\/uploads\/2026\/01\/ban-qr-code-003.jpeg\" alt=\"Chr\u00e9tiens TV\"\/><br \/>\n\t\t\t\t\t\t\t<\/a><\/p>\n<p>PARIS\/BERLIN, 7 janvier (Reuters) \u2013 La France et l\u2019Allemagne travaillent avec leurs partenaires europ\u00e9ens \u00e0 l\u2019\u00e9laboration d\u2019une r\u00e9ponse commune aux ambitions des Etats-Unis envers le Groenland, ont d\u00e9clar\u00e9 mercredi le chef de la diplomatie fran\u00e7aise et une source gouvernementale allemande. <\/p>\n<p>A Donald Trump qui a \u200br\u00e9it\u00e9r\u00e9, dans le sillage de la capture du pr\u00e9sident \u200dv\u00e9n\u00e9zu\u00e9lien Nicolas Maduro \u2060\u00e0 Caracas par les forces sp\u00e9ciales am\u00e9ricaines, sa volont\u00e9 d\u2019annexer le territoire autonome \u2060danois, le chef de la diplomatie fran\u00e7aise a r\u00e9p\u00e9t\u00e9 sur France Inter que \u00ab\u00a0le Groenland n\u2019est pas \u00e0 vendre et appartient aux Groenlandais\u00a0\u00bb. <\/p>\n<p>\u00ab\u00a0Quelle que soit la \u200bforme des intimidations et quelle que soit leur provenance, nous avons engag\u00e9 un travail (\u2026) au Quai d\u2019Orsay pour nous pr\u00e9parer \u00e0 riposter\u00a0\u00bb, a d\u00e9clar\u00e9 le ministre des Affaires \u00e9trang\u00e8res Jean-No\u00ebl Barrot, ajoutant que le sujet serait au menu de ses discussions programm\u00e9es dans la journ\u00e9e \u200cavec ses homologues allemand et polonais, dans le format dit \u00ab\u00a0Weimar\u00a0\u00bb. <\/p>\n<p>\u00ab\u00a0Face \u00e0 ces marques \u200bd\u2019intimidation, nous voulons agir, mais agir avec nos partenaires europ\u00e9ens\u00a0\u00bb, a expliqu\u00e9 Jean-No\u00ebl Barrot.<\/p>\n<p>Une source gouvernementale allemande a confirm\u00e9 que Berlin \u00ab\u00a0travaillait \u00e9troitement avec d\u2019autres pays europ\u00e9ens et le Danemark\u00a0\u00bb \u00e0 ce sujet.<\/p>\n<p>Plusieurs dirigeants europ\u00e9ens, dont le pr\u00e9sident fran\u00e7ais Emmanuel Macron, ont marqu\u00e9 \u200cmardi \u200cleur soutien au Danemark et au Groenland, soulignant qu\u2019ils \u00e9taient seuls ma\u00eetres \u200bde leur avenir face aux vis\u00e9es expansionnistes des Etats-Unis.<\/p>\n<p>Selon un communiqu\u00e9 diffus\u00e9 mardi par la Maison blanche, \u00ab\u00a0Donald Trump et son \u00e9quipe examinent une s\u00e9rie d\u2019options \u200bpour poursuivre cet objectif important de politique \u00e9trang\u00e8re, et bien s\u00fbr, l\u2019utilisation de l\u2019arm\u00e9e am\u00e9ricaine est toujours une option \u00e0 la disposition \u2060du commandant en chef\u00a0\u00bb. <\/p>\n<p>Jean-No\u00ebl Barrot a laiss\u00e9 entendre sur France Inter que l\u2019hypoth\u00e8se d\u2019une intervention \u200bmilitaire avait \u00e9t\u00e9 \u00e9cart\u00e9e par le secr\u00e9taire d\u2019Etat am\u00e9ricain Marco Rubio. <\/p>\n<p>\u00ab\u00a0Moi-m\u00eame j\u2019\u00e9tais hier au t\u00e9l\u00e9phone avec le secr\u00e9taire d\u2019\u00c9tat (\u2026), il a \u00e9cart\u00e9 qu\u2019on puisse imaginer que se produise au Groenland ce qui vient de se produire au Venezuela\u00a0\u00bb, a-t-il dit. <\/p>\n<p>L\u2019\u00eele autonome danoise, riche en ressources mini\u00e8res, qui \u2060compte 57.000 habitants, est consid\u00e9r\u00e9e par Donald Trump comme un objectif strat\u00e9gique de s\u00e9curit\u00e9 nationale. Elle est li\u00e9e depuis des d\u00e9cennies aux \u200cEtats-Unis par un accord de d\u00e9fense.<\/p>\n<p> (Benjamin Mallet et Jean-St\u00e9phane \u2060Brosse, \u00e9dit\u00e9 par Blandine H\u00e9nault)<\/p>\n<p><a href=\"https:\/\/chretiens.com\/?attachment_id=\" target=\"_blank\" rel=\"noopener\"><img decoding=\"async\" src=\"\" alt=\"tagreuters.com2026binary_LYNXMPEM060DB-FILEDIMAGE\"\/><\/a><\/p>\n<p>\t\t\t\t\t\t\t\t\t\t\t<a class=\"ad ad_below\" href=\"https:\/\/www.jefaisundon.com\/soutenir\/\" target=\"_blank\" rel=\"noopener\"><br \/>\n\t\t\t\t\t\t\t<img decoding=\"async\" src=\"https:\/\/www.europesays.com\/fr\/wp-content\/uploads\/2026\/01\/capture-decran-2025-12-24-a-17.48.24.jpeg\" alt=\"Chr\u00e9tiens TV\"\/><br \/>\n\t\t\t\t\t\t<\/a><\/p>\n<p style=\"display: inline;\">\nAlors que le besoin d&rsquo;esp\u00e9rance se fait davantage sentir dans le monde, le Journal Chr\u00e9tien devient un soutien pr\u00e9cieux pour tous ceux qui souhaitent nourrir leur r\u00e9flexion, leur foi ou simplement d\u00e9couvrir des messages chr\u00e9tiens porteurs de sens et de bienveillance.\n<\/p>\n<p style=\"display: inline;\">\nCette avanc\u00e9e majeure est une opportunit\u00e9 pour la communaut\u00e9 chr\u00e9tienne qui peut diffuser largement l&rsquo;Evangile \u00e0 la t\u00e9l\u00e9vision. Nous comptons sur votre g\u00e9n\u00e9rosit\u00e9 pour faire face aux co\u00fbts \u00e9lev\u00e9s de cette couverture m\u00e9diatique.\n<\/p>\n<p id=\"isPasted\">Si vous avez d\u00e9j\u00e0 fait un don au Journal Chr\u00e9tien et que vous ne l\u2019ayez pas renouvel\u00e9, <strong>sachez que l\u2019avenir du Journal Chr\u00e9tien ne pourra pas s\u2019\u00e9crire sans vous.<\/strong> Pourriez-vous renouveler votre don cette ann\u00e9e ?<\/p>\n<p style=\"display: inline;\">\nSi vous n&rsquo;avez jamais fait un don au Journal Chr\u00e9tien, vous pouvez nous soutenir maintenant et recevoir un re\u00e7u fiscal au titre de l\u2019ann\u00e9e 2025 (d\u00e9ductible \u00e0 66% de votre imp\u00f4t sur le revenu). <\/p>\n<p style=\"display: inline;\">\nEn comptant sur votre soutien et forte d\u2019une grande esp\u00e9rance, nous vous souhaitons une belle et heureuse ann\u00e9e 2026.<\/p>\n","protected":false},"excerpt":{"rendered":"7 janvier 2026Reuters PARIS\/BERLIN, 7 janvier (Reuters) \u2013 La France et l\u2019Allemagne travaillent avec leurs partenaires europ\u00e9ens \u00e0&hellip;\n","protected":false},"author":2,"featured_media":620967,"comment_status":"","ping_status":"","sticky":false,"template":"","format":"standard","meta":{"footnotes":""},"categories":[1888],"tags":[1111,1928,11,1927,1777,674,1011,27,53515,12,1926,626,1925,25],"class_list":{"0":"post-647998","1":"post","2":"type-post","3":"status-publish","4":"format-standard","5":"has-post-thumbnail","7":"category-paris","8":"tag-actu","9":"tag-actu-paris","10":"tag-actualites","11":"tag-actualites-paris","12":"tag-eu","13":"tag-europe","14":"tag-fr","15":"tag-france","16":"tag-linfo-du-jour","17":"tag-news","18":"tag-news-paris","19":"tag-paris","20":"tag-paris-news","21":"tag-republique-francaise"},"share_on_mastodon":{"url":"https:\/\/pubeurope.com\/@fr\/115856038246730444","error":""},"_links":{"self":[{"href":"https:\/\/www.europesays.com\/fr\/wp-json\/wp\/v2\/posts\/647998","targetHints":{"allow":["GET"]}}],"collection":[{"href":"https:\/\/www.europesays.com\/fr\/wp-json\/wp\/v2\/posts"}],"about":[{"href":"https:\/\/www.europesays.com\/fr\/wp-json\/wp\/v2\/types\/post"}],"author":[{"embeddable":true,"href":"https:\/\/www.europesays.com\/fr\/wp-json\/wp\/v2\/users\/2"}],"replies":[{"embeddable":true,"href":"https:\/\/www.europesays.com\/fr\/wp-json\/wp\/v2\/comments?post=647998"}],"version-history":[{"count":0,"href":"https:\/\/www.europesays.com\/fr\/wp-json\/wp\/v2\/posts\/647998\/revisions"}],"wp:featuredmedia":[{"embeddable":true,"href":"https:\/\/www.europesays.com\/fr\/wp-json\/wp\/v2\/media\/620967"}],"wp:attachment":[{"href":"https:\/\/www.europesays.com\/fr\/wp-json\/wp\/v2\/media?parent=647998"}],"wp:term":[{"taxonomy":"category","embeddable":true,"href":"https:\/\/www.europesays.com\/fr\/wp-json\/wp\/v2\/categories?post=647998"},{"taxonomy":"post_tag","embeddable":true,"href":"https:\/\/www.europesays.com\/fr\/wp-json\/wp\/v2\/tags?post=647998"}],"curies":[{"name":"wp","href":"https:\/\/api.w.org\/{rel}","templated":true}]}}