{"id":648009,"date":"2026-01-07T21:58:13","date_gmt":"2026-01-07T21:58:13","guid":{"rendered":"https:\/\/www.europesays.com\/fr\/648009\/"},"modified":"2026-01-07T21:58:13","modified_gmt":"2026-01-07T21:58:13","slug":"la-police-de-limmigration-abat-une-femme-au-cours-dune-operation-a-minneapolis","status":"publish","type":"post","link":"https:\/\/www.europesays.com\/fr\/648009\/","title":{"rendered":"la police de l\u2019immigration abat une femme au cours d\u2019une op\u00e9ration \u00e0 Minneapolis"},"content":{"rendered":"<p>Un policier de l\u2019immigration a abattu une femme lors d\u2019une op\u00e9ration, mercredi 7\u00a0janvier \u00e0 Minneapolis, dans le nord des \u00c9tats-Unis.\u00a0Dans plusieurs vid\u00e9os circulant sur les r\u00e9seaux sociaux, dont au moins une <a target=\"_self\" href=\"https:\/\/www.nytimes.com\/2026\/01\/07\/us\/videos-ice-shooting-woman-minneapolis.html?smid=url-share\" rel=\"noopener\">a \u00e9t\u00e9 authentifi\u00e9e par le New York Times<\/a>, on peut voir des agents des forces de l\u2019ordre se diriger vers un v\u00e9hicule SUV en train de man\u0153uvrer, sur une route enneig\u00e9e. La voiture semble ensuite commencer \u00e0 s\u2019\u00e9loigner, lorsque retentissent des coups de feu. Elle vient alors percuter une autre, gar\u00e9e quelques m\u00e8tres plus loin.\u00a0La conductrice du v\u00e9hicule, \u00e2g\u00e9e de 37\u00a0ans, est d\u00e9c\u00e9d\u00e9e apr\u00e8s les tirs.<\/p>\n<p>La police f\u00e9d\u00e9rale de l\u2019immigration, l\u2019Ice, m\u00e8ne depuis mardi une vaste s\u00e9rie d\u2019op\u00e9rations dans cette grande ville du Minnesota et sa banlieue, impliquant environ 2.000 policiers.\u00a0Lors d\u2019une d\u2019entre elles, \u00ab\u00a0des \u00e9meutiers ont commenc\u00e9 \u00e0 bloquer les agents\u00a0\u00bb, a rapport\u00e9 le minist\u00e8re de la S\u00e9curit\u00e9 int\u00e9rieure dans un communiqu\u00e9. L\u2019une des protestataires aurait alors \u00ab\u00a0transform\u00e9 son v\u00e9hicule en arme, tentant de renverser nos forces de l\u2019ordre dans l\u2019intention de les tuer\u00a0&#8211; un acte de terrorisme int\u00e9rieur\u00a0\u00bb, poursuit le texte. \u00ab\u00a0Un agent de l\u2019Ice, craignant pour sa vie, pour celle de ses coll\u00e8gues et pour la s\u00e9curit\u00e9 du public, a tir\u00e9 des coups de feu en \u00e9tat de l\u00e9gitime d\u00e9fense\u00a0\u00bb, a ajout\u00e9 le minist\u00e8re.<\/p>\n<p>\u00ab\u00a0Cassez-vous\u00a0!\u00a0\u00bb<\/p>\n<p>Les faits qui se sont produits mercredi ont cependant donn\u00e9 lieu \u00e0 des r\u00e9actions politiques tr\u00e8s contrast\u00e9es. Pour Donald Trump, le pr\u00e9sident am\u00e9ricain, il s\u2019agit d\u2019un acte de \u00ab\u00a0l\u00e9gitime d\u00e9fense\u00a0\u00bb, alors que les responsables politiques locaux contestent cette analyse.<\/p>\n<p>Lors d\u2019un point presse, le maire d\u00e9mocrate de Minneapolis, Jacob Frey, s\u2019appuyant notamment sur une vid\u00e9o, a qualifi\u00e9 de \u00ab\u00a0conneries\u00a0\u00bb la version de la police de l\u2019immigration, affirmant que la conductrice n\u2019avait jamais repr\u00e9sent\u00e9 un danger pour quiconque. \u00ab\u00a0Nous redoutions ce moment depuis le d\u00e9but\u00a0\u00bb de la pr\u00e9sence des forces de l\u2019immigration dans la ville, a-t-il poursuivi, ajoutant avoir \u00ab\u00a0un message\u00a0\u00bb pour eux\u00a0: \u00ab\u00a0Cassez-vous de Minneapolis\u00a0!\u00a0\u00bb.<\/p>\n<p>\u00ab\u00a0J\u2019ai vu la vid\u00e9o. Ne croyez pas cette machine de propagande\u00a0\u00bb, a abond\u00e9 le gouverneur d\u00e9mocrate de l\u2019\u00c9tat, Tim Walz, l\u2019ex-colistier de Kamala Harris pour la pr\u00e9sidentielle de 2024. \u00ab\u00a0L\u2019\u00c9tat (du Minnesota) veillera \u00e0 ce qu\u2019une enqu\u00eate compl\u00e8te, \u00e9quitable et rapide soit men\u00e9e afin de garantir que les responsabilit\u00e9s soient \u00e9tablies et que justice soit rendue\u00a0\u00bb, a-t-il poursuivi. Le FBI est en charge de l\u2019enqu\u00eate.<\/p>\n<p>Une foule rassembl\u00e9e sur les lieux<\/p>\n<p>\u00ab\u00a0Cette situation est examin\u00e9e, dans son int\u00e9gralit\u00e9, mais la raison pour laquelle ces incidents surviennent est que la gauche radicale menace, agresse et cible quotidiennement les forces de l\u2019ordre et les agents de la police de l\u2019immigration\u00a0\u00bb, a r\u00e9agi pour sa part Donald Trump sur son r\u00e9seau Truth Social.<\/p>\n<p>Dans l\u2019apr\u00e8s-midi, une foule de personnes s\u2019est rassembl\u00e9e sur les lieux des coups de feu, selon des images de la cha\u00eene locale WCCO. \u00ab\u00a0Il n\u2019y a aucune raison, quoi que cette personne ait fait, qu\u2019elle m\u00e9rite d\u2019\u00eatre tu\u00e9e\u00a0\u00bb, rapportait l\u2019une d\u2019elle.<\/p>\n<p>Donald Trump a fait de la lutte contre l\u2019immigration clandestine l\u2019un des principaux axes de sa politique int\u00e9rieure. Mais les op\u00e9rations de contr\u00f4les men\u00e9es par la police de l\u2019immigration \u00e0 travers le pays provoquent r\u00e9guli\u00e8rement des mobilisations de personnes oppos\u00e9es \u00e0 sa politique migratoire.<\/p>\n","protected":false},"excerpt":{"rendered":"Un policier de l\u2019immigration a abattu une femme lors d\u2019une op\u00e9ration, mercredi 7\u00a0janvier \u00e0 Minneapolis, dans le nord&hellip;\n","protected":false},"author":2,"featured_media":648010,"comment_status":"","ping_status":"","sticky":false,"template":"","format":"standard","meta":{"footnotes":""},"categories":[1589],"tags":[328,11,75,73,1866,274,329,1061,74,12,1072,1864,1865,1863,308],"class_list":{"0":"post-648009","1":"post","2":"type-post","3":"status-publish","4":"format-standard","5":"has-post-thumbnail","7":"category-etats-unis","8":"tag-a-la-une","9":"tag-actualites","10":"tag-donald-trump","11":"tag-etats-unis","12":"tag-etats-unis-damerique","13":"tag-faits-divers-justice","14":"tag-france-monde","15":"tag-immigration","16":"tag-monde","17":"tag-news","18":"tag-police","19":"tag-united-states","20":"tag-united-states-of-america","21":"tag-us","22":"tag-usa"},"share_on_mastodon":{"url":"https:\/\/pubeurope.com\/@fr\/115856061630594764","error":""},"_links":{"self":[{"href":"https:\/\/www.europesays.com\/fr\/wp-json\/wp\/v2\/posts\/648009","targetHints":{"allow":["GET"]}}],"collection":[{"href":"https:\/\/www.europesays.com\/fr\/wp-json\/wp\/v2\/posts"}],"about":[{"href":"https:\/\/www.europesays.com\/fr\/wp-json\/wp\/v2\/types\/post"}],"author":[{"embeddable":true,"href":"https:\/\/www.europesays.com\/fr\/wp-json\/wp\/v2\/users\/2"}],"replies":[{"embeddable":true,"href":"https:\/\/www.europesays.com\/fr\/wp-json\/wp\/v2\/comments?post=648009"}],"version-history":[{"count":0,"href":"https:\/\/www.europesays.com\/fr\/wp-json\/wp\/v2\/posts\/648009\/revisions"}],"wp:featuredmedia":[{"embeddable":true,"href":"https:\/\/www.europesays.com\/fr\/wp-json\/wp\/v2\/media\/648010"}],"wp:attachment":[{"href":"https:\/\/www.europesays.com\/fr\/wp-json\/wp\/v2\/media?parent=648009"}],"wp:term":[{"taxonomy":"category","embeddable":true,"href":"https:\/\/www.europesays.com\/fr\/wp-json\/wp\/v2\/categories?post=648009"},{"taxonomy":"post_tag","embeddable":true,"href":"https:\/\/www.europesays.com\/fr\/wp-json\/wp\/v2\/tags?post=648009"}],"curies":[{"name":"wp","href":"https:\/\/api.w.org\/{rel}","templated":true}]}}