{"id":648027,"date":"2026-01-07T22:09:10","date_gmt":"2026-01-07T22:09:10","guid":{"rendered":"https:\/\/www.europesays.com\/fr\/648027\/"},"modified":"2026-01-07T22:09:10","modified_gmt":"2026-01-07T22:09:10","slug":"atp-la-reponse-cinglante-de-tsonga-a-mouratoglou-tu-nes-pas-le-mieux-place-pour-me-donner-des-lecons-sur-le-haut-niveau-je-crois-quil-faut-que-tu-respectes-un-minimum-le-joueur-que-jai-ete","status":"publish","type":"post","link":"https:\/\/www.europesays.com\/fr\/648027\/","title":{"rendered":"ATP > La r\u00e9ponse cinglante de Tsonga \u00e0 Mouratoglou : \u00ab\u00a0Tu n&rsquo;es pas le mieux plac\u00e9 pour me donner des le\u00e7ons sur le haut niveau. Je crois qu&rsquo;il faut que tu respectes un minimum le joueur que j&rsquo;ai \u00e9t\u00e9\u00a0\u00bb"},"content":{"rendered":"<p>Alors que le m\u00e9dia\u00a0Univers Tennis\u00a0deman\u00addait il y a quelques semaines \u00e0 Jo\u2010Wilfried Tsonga si Alcaraz \u00e9tait plus fort que Federer, Nadal et Djokovic, le Fran\u00e7ais avait donn\u00e9 une r\u00e9ponse contro\u00advers\u00e9e\u00a0:\u00a0<a href=\"https:\/\/www.welovetennis.fr\/atp\/tsonga-si-alcaraz-est-plus-fort-que-federer-nadal-et-djokovic-on-ne-sait-pas-trop-mais-jaurais-aime-le-voir-gagner-roland-garros-en-battant-del-potro-au-3e-tour-murray-en-huitiemes-novak-en\" data-wpel-link=\"internal\" target=\"_blank\" rel=\"noopener\">\u00ab\u202fOn ne sait pas trop mais j\u2019aurais aim\u00e9 le voir gagner Roland\u2010Garros en battant Del Potro au 3e\u00a0tour, Murray en huiti\u00e8mes, Novak en quarts, Roger en demies et Rafa en finale.\u202f\u00bb<\/a><\/p>\n<p>Patrick Mouratoglou avait alors comment\u00e9 cette d\u00e9cla\u00adra\u00adtion en glis\u00adsant un tacle \u00e0 son compa\u00adtriote\u00a0: <a href=\"https:\/\/www.welovetennis.fr\/atp\/le-tacle-de-mouratoglou-a-tsonga-desole-jo-mais-je-ne-pense-pas-que-tu-aurais-battus-regulierement-ces-joueurs-dire-qualcaraz-et-sinner-dominent-autant-car-leurs-adversaires-sont-plus-faibles\" data-wpel-link=\"internal\" target=\"_blank\" rel=\"noopener\">\u00ab\u202fD\u00e9sol\u00e9 Jo, mais je ne pense pas que tu aurais battu r\u00e9gu\u00adli\u00e8\u00adre\u00adment Draper, Rune, De Minaur, Fritz, Shelton ou Auger\u2010Aliassime. Dire qu\u2019Alcaraz et Sinner dominent autant car leurs adver\u00adsaires sont plus faibles que ceux de Federer, Nadal et Djokovic leur enl\u00e8ve le cr\u00e9dit qu\u2019ils m\u00e9ritent\u202f\u00bb<\/a>, en rajou\u00adtant m\u00eame en commen\u00adtaire\u00a0: \u00ab\u202fle prime de Jo a dur\u00e9 seule\u00adment une saison.\u202f\u00bb<\/p>\n<p>Ce mercredi, Tsonga a d\u00e9cid\u00e9 de r\u00e9pondre dans sa story Instagram \u00e0 l\u2019en\u00adtra\u00ee\u00adneur fran\u00ad\u00e7ais. Et il n\u2019y va vrai\u00adment pas de main\u00a0morte.\u00a0<\/p>\n<blockquote class=\"twitter-tweet\">\n<p lang=\"fr\" dir=\"ltr\">\ud83d\udea8 Jo\u2010Wilfried Tsonga r\u00e9pond \u00e0 Patrick Mouratoglou sur Instagram\u00a0:<\/p>\n<p>\ud83d\udde3\ufe0f \u00ab\u202fTu resteras juste le coach. Toi, tu n\u2019auras jamais ressenti ce que c\u2019est d\u2019\u00eatre un joueur de tennis, de rentrer dans l\u2019ar\u00e8ne. Tu n\u2019es pas le mieux plac\u00e9 pour me donner des le\u00e7ons sur le haut niveau.\u202f\u00bb <a href=\"https:\/\/t.co\/BqRyiaAXR9\" data-wpel-link=\"external\" target=\"_blank\" rel=\"nofollow external noopener\">https:\/\/t.co\/BqRyiaAXR9<\/a> <a href=\"https:\/\/t.co\/vP4BvwLiMH\" data-wpel-link=\"external\" target=\"_blank\" rel=\"nofollow external noopener\">pic.twitter.com\/vP4BvwLiMH<\/a><\/p>\n<p>\u2014 Univers Tennis \ud83c\udfbe (@UniversTennis) <a href=\"https:\/\/twitter.com\/UniversTennis\/status\/2008973280468980214?ref_src=twsrc%5Etfw\" data-wpel-link=\"external\" target=\"_blank\" rel=\"nofollow external noopener\">January 7,\u00a02026<\/a><\/p><\/blockquote>\n<p><strong>\u00ab\u202fJe crois qu\u2019il faut que tu respectes un minimum le joueur que j\u2019ai \u00e9t\u00e9 (\u2026) Tu resteras juste le coach, the coach, pardon, le commen\u00adta\u00adteur, l\u2019or\u00adga\u00adni\u00adsa\u00adteur d\u2019\u00e9v\u00e9\u00adne\u00adments, le m\u00e9c\u00e8ne, et honn\u00ea\u00adte\u00adment, je te f\u00e9li\u00adcite pour \u00e7a. Toi, tu n\u2019auras jamais ressenti dans ta chair la plus profonde ce que c\u2019est qu\u2019\u00eatre un joueur de tennis, que de rentrer dans l\u2019ar\u00e8ne, tu ne sais pas ce que c\u2019est. Toi, tu es entra\u00ee\u00adneur. Tu n\u2019es pas le mieux plac\u00e9 pour me reprendre ou pour me donner des le\u00e7ons sur le tennis de haut niveau. Si tu veux en parler, ce que tu fais, vu qu\u2019on se connait depuis 25 ans, tu prends ton t\u00e9l\u00e9\u00adphone et tu m\u2019ap\u00adpelles si tu as envie de parler de tennis. Pas besoin de m\u2019af\u00adfi\u00adcher sur les r\u00e9seaux et d\u2019uti\u00adliser mon image pour ta commu\u00adni\u00adca\u00adtion et pour ta recon\u00adnais\u00adsance. Continue \u00e0 faire ce que tu fais, pour le tennis en tout cas. Tu le fais bien. Mais s\u2019il te pla\u00eet, respecte un tout petit peu les joueurs, m\u00eame si c\u2019est pour le buzz, la com ou la reconnaissance.\u202f\u00bb<\/strong><\/p>\n<p class=\"post-published-date\" style=\"color: silver; font-size: 75%; text-align: left;\">Publi\u00e9 le mercredi 7 janvier 2026 \u00e0 20:58<\/p>\n<p>  <script async src=\"https:\/\/platform.twitter.com\/widgets.js\" charset=\"utf-8\"><\/script><\/p>\n","protected":false},"excerpt":{"rendered":"Alors que le m\u00e9dia\u00a0Univers Tennis\u00a0deman\u00addait il y a quelques semaines \u00e0 Jo\u2010Wilfried Tsonga si Alcaraz \u00e9tait plus fort&hellip;\n","protected":false},"author":2,"featured_media":144847,"comment_status":"","ping_status":"","sticky":false,"template":"","format":"standard","meta":{"footnotes":""},"categories":[1415],"tags":[1744,4737,8081,4738,105,4388,2199,1011,27,1960,2127,60,1467,14828],"class_list":{"0":"post-648027","1":"post","2":"type-post","3":"status-publish","4":"format-standard","5":"has-post-thumbnail","7":"category-tennis","8":"tag-alcaraz","9":"tag-andy-murray","10":"tag-de-minaur","11":"tag-del-potro","12":"tag-djokovic","13":"tag-draper","14":"tag-federer","15":"tag-fr","16":"tag-france","17":"tag-nadal","18":"tag-sinner","19":"tag-sports","20":"tag-tennis","21":"tag-tsonga"},"share_on_mastodon":{"url":"https:\/\/pubeurope.com\/@fr\/115856104625504606","error":""},"_links":{"self":[{"href":"https:\/\/www.europesays.com\/fr\/wp-json\/wp\/v2\/posts\/648027","targetHints":{"allow":["GET"]}}],"collection":[{"href":"https:\/\/www.europesays.com\/fr\/wp-json\/wp\/v2\/posts"}],"about":[{"href":"https:\/\/www.europesays.com\/fr\/wp-json\/wp\/v2\/types\/post"}],"author":[{"embeddable":true,"href":"https:\/\/www.europesays.com\/fr\/wp-json\/wp\/v2\/users\/2"}],"replies":[{"embeddable":true,"href":"https:\/\/www.europesays.com\/fr\/wp-json\/wp\/v2\/comments?post=648027"}],"version-history":[{"count":0,"href":"https:\/\/www.europesays.com\/fr\/wp-json\/wp\/v2\/posts\/648027\/revisions"}],"wp:featuredmedia":[{"embeddable":true,"href":"https:\/\/www.europesays.com\/fr\/wp-json\/wp\/v2\/media\/144847"}],"wp:attachment":[{"href":"https:\/\/www.europesays.com\/fr\/wp-json\/wp\/v2\/media?parent=648027"}],"wp:term":[{"taxonomy":"category","embeddable":true,"href":"https:\/\/www.europesays.com\/fr\/wp-json\/wp\/v2\/categories?post=648027"},{"taxonomy":"post_tag","embeddable":true,"href":"https:\/\/www.europesays.com\/fr\/wp-json\/wp\/v2\/tags?post=648027"}],"curies":[{"name":"wp","href":"https:\/\/api.w.org\/{rel}","templated":true}]}}