{"id":648030,"date":"2026-01-07T22:14:10","date_gmt":"2026-01-07T22:14:10","guid":{"rendered":"https:\/\/www.europesays.com\/fr\/648030\/"},"modified":"2026-01-07T22:14:10","modified_gmt":"2026-01-07T22:14:10","slug":"kounde-veut-quitter-le-barca","status":"publish","type":"post","link":"https:\/\/www.europesays.com\/fr\/648030\/","title":{"rendered":"Kound\u00e9 veut quitter le Bar\u00e7a !"},"content":{"rendered":"<p>Concurrenc\u00e9 par le retour de Cancelo, le Fran\u00e7ais pourrait se laisser tenter par un d\u00e9part du FC Barcelone.<\/p>\n<p>L\u2019avenir de Jules Kound\u00e9 au FC Barcelone pourrait s\u2019\u00e9crire en pointill\u00e9s. Pourtant cadre d\u00e9fensif du Bar\u00e7a et titulaire r\u00e9gulier sous les ordres de Hansi Flick, l\u2019international fran\u00e7ais traverse une p\u00e9riode plus d\u00e9licate depuis le d\u00e9but de la saison. Malgr\u00e9 la confiance affich\u00e9e par son entra\u00eeneur, certaines prestations en demi-teinte, notamment en Ligue des champions, ont raviv\u00e9 les critiques. Dans ce contexte, le club catalan a d\u00e9cid\u00e9 de renforcer la concurrence au poste de lat\u00e9ral droit avec le retour annonc\u00e9 de Jo\u00e3o Cancelo, d\u00e9j\u00e0 pr\u00eat\u00e9 lors de la saison 2023-2024, en provenance d\u2019Al-Hilal.<\/p>\n<p>D\u00e9j\u00e0 des clubs sur le dossier<\/p>\n<p>Une arriv\u00e9e qui ne serait pas du go\u00fbt de Kound\u00e9. Selon El Nacional, le d\u00e9fenseur de 27 ans aurait fait savoir \u00e0 sa direction qu\u2019il disposait de plusieurs pistes pour la suite de sa carri\u00e8re, estimant avoir gagn\u00e9 son statut de titulaire indiscutable. Sous contrat jusqu\u2019en 2030, le Fran\u00e7ais craint que le retour de Cancelo ne le pousse \u00e0 glisser dans l\u2019axe, avec une concurrence accrue, ce qui pourrait acc\u00e9l\u00e9rer une r\u00e9flexion sur un d\u00e9part d\u00e8s l\u2019\u00e9t\u00e9 prochain. Des clubs anglais, dont Chelsea, suivraient toujours sa situation de pr\u00e8s.<\/p>\n<p>Pour l\u2019heure, aucune d\u00e9cision n\u2019est act\u00e9e et le FC Barcelone n\u2019envisage pas de se s\u00e9parer de l\u2019un de ses piliers d\u00e9fensifs. Mais dans un march\u00e9 toujours plus impr\u00e9visible, une offre cons\u00e9quente pourrait rebattre les cartes. Le retour de Cancelo pourrait ainsi avoir des cons\u00e9quences bien plus larges qu\u2019une simple concurrence au poste.<\/p>\n<blockquote class=\"twitter-tweet\">\n<p lang=\"ht\" dir=\"ltr\">Kounde \ud83e\udd80 <a href=\"https:\/\/t.co\/uT6WhpSKiA\">pic.twitter.com\/uT6WhpSKiA<\/a><\/p>\n<p>\u2014 Bar\u00e7a News (@BarcaNewsFRA) <a href=\"https:\/\/twitter.com\/BarcaNewsFRA\/status\/2008619164001595541?ref_src=twsrc%5Etfw\" target=\"_blank\" rel=\"noopener\">January 6, 2026<\/a><\/p><\/blockquote>\n<p><script async src=\"https:\/\/platform.twitter.com\/widgets.js\" charset=\"utf-8\"><\/script><\/p>\n","protected":false},"excerpt":{"rendered":"Concurrenc\u00e9 par le retour de Cancelo, le Fran\u00e7ais pourrait se laisser tenter par un d\u00e9part du FC Barcelone.&hellip;\n","protected":false},"author":2,"featured_media":648031,"comment_status":"","ping_status":"","sticky":false,"template":"","format":"standard","meta":{"footnotes":""},"categories":[1410],"tags":[63,1011,27,60],"class_list":{"0":"post-648030","1":"post","2":"type-post","3":"status-publish","4":"format-standard","5":"has-post-thumbnail","7":"category-football","8":"tag-football","9":"tag-fr","10":"tag-france","11":"tag-sports"},"share_on_mastodon":{"url":"https:\/\/pubeurope.com\/@fr\/115856124535782923","error":""},"_links":{"self":[{"href":"https:\/\/www.europesays.com\/fr\/wp-json\/wp\/v2\/posts\/648030","targetHints":{"allow":["GET"]}}],"collection":[{"href":"https:\/\/www.europesays.com\/fr\/wp-json\/wp\/v2\/posts"}],"about":[{"href":"https:\/\/www.europesays.com\/fr\/wp-json\/wp\/v2\/types\/post"}],"author":[{"embeddable":true,"href":"https:\/\/www.europesays.com\/fr\/wp-json\/wp\/v2\/users\/2"}],"replies":[{"embeddable":true,"href":"https:\/\/www.europesays.com\/fr\/wp-json\/wp\/v2\/comments?post=648030"}],"version-history":[{"count":0,"href":"https:\/\/www.europesays.com\/fr\/wp-json\/wp\/v2\/posts\/648030\/revisions"}],"wp:featuredmedia":[{"embeddable":true,"href":"https:\/\/www.europesays.com\/fr\/wp-json\/wp\/v2\/media\/648031"}],"wp:attachment":[{"href":"https:\/\/www.europesays.com\/fr\/wp-json\/wp\/v2\/media?parent=648030"}],"wp:term":[{"taxonomy":"category","embeddable":true,"href":"https:\/\/www.europesays.com\/fr\/wp-json\/wp\/v2\/categories?post=648030"},{"taxonomy":"post_tag","embeddable":true,"href":"https:\/\/www.europesays.com\/fr\/wp-json\/wp\/v2\/tags?post=648030"}],"curies":[{"name":"wp","href":"https:\/\/api.w.org\/{rel}","templated":true}]}}