{"id":648036,"date":"2026-01-07T22:18:22","date_gmt":"2026-01-07T22:18:22","guid":{"rendered":"https:\/\/www.europesays.com\/fr\/648036\/"},"modified":"2026-01-07T22:18:22","modified_gmt":"2026-01-07T22:18:22","slug":"star-academy-seulement-deux-eleves-nommes-cette-semaine-une-elimination-cruelle-a-venir","status":"publish","type":"post","link":"https:\/\/www.europesays.com\/fr\/648036\/","title":{"rendered":"\u00ab\u00a0Star Academy\u00a0\u00bb : seulement deux \u00e9l\u00e8ves nomm\u00e9s cette semaine, une \u00e9limination cruelle \u00e0 venir"},"content":{"rendered":"<ul class=\"jsx-862013697 ArticleChapo__List\">\n<li class=\"jsx-862013697 ArticleChapo__List_Item flex\">Les six derniers membres de la promo 2025 ont livr\u00e9 des \u00e9valuations de haut vol cette semaine.<\/li>\n<li class=\"jsx-862013697 ArticleChapo__List_Item flex\">Deux d&rsquo;entre eux seulement joueront leur place dans l&rsquo;aventure, samedi soir en direct sur TF1.<\/li>\n<li class=\"jsx-862013697 ArticleChapo__List_Item flex\">Retrouvez tous les meilleurs moments de la saison en streaming sur TF1+.<\/li>\n<\/ul>\n<p><a href=\"https:\/\/www.tf1info.fr\/actualite\/star-academy-2025-videos-replay-tf1-casting-des-candidats-nouvelle-saison-14352\/\" rel=\"noopener\" class=\"jsx-484472199 Link jsx-1428418400 jsx-798756813\" target=\"_blank\"><\/p>\n<p style=\"font-weight:400\" class=\"jsx-1837267516\">Suivez la couverture compl\u00e8te<\/p>\n<p style=\"font-weight:800\" class=\"jsx-1837267516\">Star Academy 2025<\/p>\n<p><\/a><\/p>\n<p data-module=\"article-paragraph\" class=\"jsx-157965717 Paragraph Paragraph__End\">Ils ne sont plus que six\u2026 Et forc\u00e9ment, tous r\u00eavent de finale. Entr\u00e9s au ch\u00e2teau de Dammarie-les-Lys le 18 octobre dernier, Ambre, Victor, Sarah, Bastiaan, L\u00e9a et Anouk ont livr\u00e9 des \u00e9valuations de haut niveau cette semaine, parmi les meilleures de leur saison \u00e0 la \u00ab\u00a0Star Academy\u00a0\u00bb. La r\u00e8gle du \u00ab\u00a0d\u00e9fi des profs\u00a0\u00bb : un tube choisi par l&rsquo;\u00e9l\u00e8ve lui-m\u00eame, d\u00e9clin\u00e9 en chant, en danse et en th\u00e9\u00e2tre, avec l\u2019aide des camarades si besoin. Sarah \u00e9tant immunis\u00e9e depuis le dernier prime, deux \u00e9l\u00e8ves seulement seront nomin\u00e9s si elle fait partie des trois moins bons.<\/p>\n<p data-module=\"article-paragraph\" class=\"jsx-157965717 Paragraph Paragraph__End\">Entr\u00e9e en piste la premi\u00e8re, Ambre s\u2019est frott\u00e9e \u00e0 \u00ab\u00a0Cass\u00e9\u00a0\u00bb de Nolwenn Leroy, la gagnante de la saison 2. Avec son grain de voix puissant, la benjamine de la promo a une nouvelle fois impressionn\u00e9, avant de faire \u00e9clater de rire les profs en transformant les paroles en lettre de rupture sur un ton humoristique. \u00ab\u00a0\u00c7a passe ou \u00e7a casse, et l\u00e0 c\u2019est pass\u00e9 cr\u00e8me !\u00a0\u00bb, estime Sofia Morgavi. M\u00eame si Jonathan Jenvrin regrette \u00ab\u00a0des trous dans la chor\u00e9graphie\u00a0\u00bb, Michael Goldman salue une \u00ab\u00a0maestria formidable\u00a0\u00bb.<\/p>\n<p>Star Academy 2025 &#8211; L&rsquo;\u00e9valuation d&rsquo;Ambre sur \u00ab\u00a0Cass\u00e9\u00a0\u00bb de Nolwenn LeroySource : Star Academy<\/p>\n<p><img decoding=\"async\" src=\"https:\/\/photos.tf1info.fr\/images\/383\/215\/levaluation-dambre-sur-casse-de-nolwenn-leroylevaluation-dambre-sur-casse-de-nolwenn-leroy-cb1c55-e8fd5e-0@1x.jpeg\" alt=\"Star Academy 2025 - L'\u00e9valuation d'Ambre sur &quot;Cass\u00e9&quot; de Nolwenn Leroy\" loading=\"lazy\" importance=\"low\" fetchpriority=\"low\" class=\"\"\/><img decoding=\"async\" src=\"https:\/\/www.tf1info.fr\/images\/icons\/player-logo-play.svg\" alt=\"Logo lecture\" class=\"jsx-d0de44c05fe3042c PlayerLazyload__Play\"\/><\/p>\n<p data-module=\"article-paragraph\" class=\"jsx-157965717 Paragraph Paragraph__End\">De son c\u00f4t\u00e9 la Belge Anouk a opt\u00e9 pour \u00ab\u00a0Si je m\u2019en sors\u00a0\u00bb de Julie Zenatti. Malgr\u00e9 des progr\u00e8s flagrants en chant, elle perd le rythme en cours de route. \u00ab\u00a0Elle a fait un tr\u00e8s beau choix\u00a0\u00bb, estime Marl\u00e8ne Schaff. \u00ab\u00a0Mais elle s\u2019est pris les pieds dans le texte, dans son regard elle a d\u00e9croch\u00e9.\u00a0\u00bb En th\u00e9\u00e2tre, Papy salue une \u00e9l\u00e8ve qui \u00ab\u00a0prend du plaisir \u00e0 jouer\u00a0\u00bb tandis que Jonathan Jenvrin souligne qu\u2019elle \u00ab\u00a0comprend son corps\u00a0\u00bb en danse. Mais Michael est formel : \u00ab\u00a0Je connais super bien la chanson et \u00e0 un moment elle m\u2019a perdu parce qu&rsquo;elle aussi elle \u00e9tait perdue.\u00a0\u00bb De retour au Ch\u00e2teau, Anouk fonce dans sa chambre pour pleurer.<\/p>\n<p>Star Academy 2025 &#8211; L&rsquo;\u00e9valuation d&rsquo;Anouk sur \u00ab\u00a0Si je m&rsquo;en sors\u00a0\u00bb de Julie ZenattiSource : Star Academy<\/p>\n<p><img decoding=\"async\" src=\"https:\/\/photos.tf1info.fr\/images\/383\/215\/levaluation-danouk-sur-si-je-men-sors-de-julie-zenatti-55c551-d3466f-0@1x.jpeg\" alt=\"Star Academy 2025 - L'\u00e9valuation d'Anouk sur &quot;Si je m'en sors&quot; de Julie Zenatti\" loading=\"lazy\" importance=\"low\" fetchpriority=\"low\" class=\"\"\/><img decoding=\"async\" src=\"https:\/\/www.tf1info.fr\/images\/icons\/player-logo-play.svg\" alt=\"Logo lecture\" class=\"jsx-d0de44c05fe3042c PlayerLazyload__Play\"\/><\/p>\n<p data-module=\"article-paragraph\" class=\"jsx-157965717 Paragraph Paragraph__End\">Dans un registre plus pop, le Franco-N\u00e9erlandais Bastiaan propose une version fid\u00e8le de \u00ab\u00a0Un jour je marierai un ange\u00a0\u00bb de Pierre de Maere. Et sa prise de confiance s&rsquo;entend. \u00ab\u00a0Quand la technique ne s\u2019entend plus, c\u2019est gagn\u00e9\u00a0\u00bb, observe Sofia. \u00ab\u00a0Mais ce timbre-l\u00e0 n\u2019est pas encore fini, il va le bonifier.\u00a0\u00bb Si Papy regrette le c\u00f4t\u00e9 \u00ab\u00a0un peu d\u00e9suet\u00a0\u00bb de la partie th\u00e9\u00e2trale en bin\u00f4me avec Sarah, Jonathan a ador\u00e9 \u00ab\u00a0les variations d\u2019\u00e9nergie et de danse. C\u2019est un showman qui sait tout faire.\u00a0\u00bb Michael n\u2019en dit pas moins : \u00ab\u00a0Bon choix de chanson, super cool, j\u2019\u00e9tais au concert !\u00a0\u00bb.<\/p>\n<p>Star Academy 2025 &#8211; L&rsquo;\u00e9valuation de Bastiaan sur \u00ab\u00a0Un jour je marierai un ange\u00a0\u00bb de Pierre de MaereSource : Star Academy<\/p>\n<p><img decoding=\"async\" src=\"https:\/\/photos.tf1info.fr\/images\/383\/215\/levaluation-de-bastiaan-sur-un-jour-je-marierai-un-ange-de-pierre-de-maere-550b6d-666b60-0@1x.jpeg\" alt=\"Star Academy 2025 - L'\u00e9valuation de Bastiaan sur &quot;Un jour je marierai un ange&quot; de Pierre de Maere\" loading=\"lazy\" importance=\"low\" fetchpriority=\"low\" class=\"\"\/><img decoding=\"async\" src=\"https:\/\/www.tf1info.fr\/images\/icons\/player-logo-play.svg\" alt=\"Logo lecture\" class=\"jsx-d0de44c05fe3042c PlayerLazyload__Play\"\/><\/p>\n<p data-module=\"article-paragraph\" class=\"jsx-157965717 Paragraph Paragraph__End\">La Suissesse L\u00e9a n\u2019est pas celle dont on parle le plus. Mais semaine apr\u00e8s semaine, elle encha\u00eene les \u00e9valuations toutes plus solides les unes que les autres. Rebelote sur \u00ab\u00a0Parle-moi\u00a0\u00bb d&rsquo;Isabelle Boulay. La voix ne tremble pas, la partie dans\u00e9e est impressionnante, le th\u00e9\u00e2tre avec Bastiaan ma\u00eetris\u00e9. \u00ab\u00a0Elle a fait des progr\u00e8s \u00e9normes, elle a tous les atouts techniques. Maintenant j\u2019aimerais voir de la tendresse et de la fragilit\u00e9\u00a0\u00bb, juge Sofia. Ce que confirme Jonathan Jenvrin qui la trouve \u00ab\u00a0tr\u00e8s bonne danseuse\u00a0\u00bb mais qui r\u00e9clame \u00ab\u00a0plus de douceur\u00a0\u00bb.<\/p>\n<p>Star Academy 2025 &#8211; L&rsquo;\u00e9valuation de L\u00e9a sur \u00ab\u00a0Parle-moi\u00a0\u00bb d&rsquo;Isabelle BoulaySource : Star Academy<\/p>\n<p><img decoding=\"async\" src=\"https:\/\/photos.tf1info.fr\/images\/383\/215\/tar-academy-2025-levaluation-de-lea-sur-parle-moi-disabelle-boulay-f932a1-89b4ab-0@1x.jpeg\" alt=\"Star Academy 2025 - L'\u00e9valuation de L\u00e9a sur &quot;Parle-moi&quot; d'Isabelle Boulay\" loading=\"lazy\" importance=\"low\" fetchpriority=\"low\" class=\"\"\/><img decoding=\"async\" src=\"https:\/\/www.tf1info.fr\/images\/icons\/player-logo-play.svg\" alt=\"Logo lecture\" class=\"jsx-d0de44c05fe3042c PlayerLazyload__Play\"\/><\/p>\n<p data-module=\"article-paragraph\" class=\"jsx-157965717 Paragraph Paragraph__End\">L\u2019\u00e9valuation la plus d\u00e9routante est \u00e0 mettre au compte de Sarah avec \u00ab\u00a0Dors\u00a0\u00bb de Clara Luciani. Impeccable comme toujours sur le chant et la danse, elle d\u00e9cide de mettre en sc\u00e8ne la mort\u2026 de sa camarade Anouk sur la partie th\u00e9\u00e2tre, avec des photos noir et blanc et sa camarade belge couch\u00e9e devant elle, Bastiaan les rejoignant avec un bouquet de fleurs pour les fun\u00e9railles ! \u00ab\u00a0C\u2019\u00e9tait d\u00e9licieux de l\u2019entendre sur ce genre de m\u00e9lodie. Mais au niveau de l\u2019histoire, je n\u2019ai rien compris\u00a0\u00bb, avoue poliment Marl\u00e8ne. \u00ab\u00a0Elle a voulu nous choquer, faire un truc auquel on ne s\u2019attendait pas, elle m\u2019a eu\u00a0\u00bb, temp\u00e8re Michael.<\/p>\n<p>Star Academy 2025 &#8211; L&rsquo;\u00e9valuation de Sarah sur \u00ab\u00a0Dors\u00a0\u00bb de Clara LucianiSource : Star Academy<\/p>\n<p><img decoding=\"async\" src=\"https:\/\/photos.tf1info.fr\/images\/383\/215\/levaluation-de-sarah-sur-dors-de-clara-luciani-899d45-407bbf-0@1x.jpeg\" alt=\"Star Academy 2025 - L'\u00e9valuation de Sarah sur &quot;Dors&quot; de Clara Luciani\" loading=\"lazy\" importance=\"low\" fetchpriority=\"low\" class=\"\"\/><img decoding=\"async\" src=\"https:\/\/www.tf1info.fr\/images\/icons\/player-logo-play.svg\" alt=\"Logo lecture\" class=\"jsx-d0de44c05fe3042c PlayerLazyload__Play\"\/><\/p>\n<p data-module=\"article-paragraph\" class=\"jsx-157965717 Paragraph Paragraph__End\">Dernier candidat \u00e9valu\u00e9, Victor a envie \u00ab\u00a0d\u2019un truc sale\u00a0\u00bb sur \u00ab\u00a0Alors on danse\u00a0\u00bb de Stromae. H\u00e9las ! Sur le premier couplet, il oublie une partie du texte, un blanc qu\u2019il comble par une derni\u00e8re partie orientalisante de toute beaut\u00e9. Sur la partie th\u00e9\u00e2tre, il fait appel \u00e0 Ambre pour mimer la dispute de deux colocs, un lendemain de soir\u00e9e en bo\u00eete. \u00ab\u00a0J\u2019ai ador\u00e9 la nonchalance, le c\u00f4t\u00e9 d\u00e9glingu\u00e9\u00a0\u00bb, savoure Jonathan. Pour Sofia, Victor est \u00ab\u00a0un coquinou\u00a0\u00bb qui a d\u00e9tourn\u00e9 la chanson pour \u00ab\u00a0faire une d\u00e9monstration vocale. Sauf qu\u2019il faut se d\u00e9brouiller pour interpr\u00e9ter et il n\u2019a pas raccroch\u00e9 les wagons.\u00a0\u00bb Fan depuis le d\u00e9but, Michael veut mettre \u00ab\u00a0le m\u00e9ga risque \u00e0 son cr\u00e9dit. Mais l\u2019oubli de texte, je l\u2019ai senti.\u00a0\u00bb<\/p>\n<p>Star Academy 2025 &#8211; L&rsquo;\u00e9valuation de Victor sur \u00ab\u00a0Alors on danse\u00a0\u00bb de StromaeSource : Star Academy<\/p>\n<p><img decoding=\"async\" src=\"https:\/\/photos.tf1info.fr\/images\/383\/215\/levaluation-de-victor-sur-alors-on-danse-de-stromae-641f54-bd3678-0@1x.jpeg\" alt=\"Star Academy 2025 - L'\u00e9valuation de Victor sur &quot;Alors on danse&quot; de Stromae\" loading=\"lazy\" importance=\"low\" fetchpriority=\"low\" class=\"\"\/><img decoding=\"async\" src=\"https:\/\/www.tf1info.fr\/images\/icons\/player-logo-play.svg\" alt=\"Logo lecture\" class=\"jsx-d0de44c05fe3042c PlayerLazyload__Play\"\/><\/p>\n<p data-module=\"article-paragraph\" class=\"jsx-157965717 Paragraph Paragraph__End\">Au lendemain d\u2019un d\u00eener \u00e0 la bonne franquette avec les profs, conclu par une bonne bataille de boules de neige dans le jardin du Ch\u00e2teau, le directeur vient annoncer le verdict. L\u2019\u00e9valuation de Sarah figurant parmi les trois moins bien not\u00e9es, deux \u00e9l\u00e8ves seulement seront en danger samedi prochain sur le prime. Sans surprise, ce seront Anouk, qui s\u2019est \u00ab\u00a0perdue dans le texte\u00a0\u00bb, et Victor, plomb\u00e9 par son oubli de parole. Quoi qu\u2019il arrive, la promo 2025 perdra l\u2019un de ses membres les plus dou\u00e9s. Cruel ? Sans doute. Mais c&rsquo;est la r\u00e8gle du jeu \u00e0 la \u00ab\u00a0Star Academy\u00a0\u00bb !<\/p>\n<p><a href=\"https:\/\/www.tf1info.fr\/culture\/programme-tv-tf1-en-images-star-academy-2025-voici-les-9-eleves-qui-vont-partir-en-tournee-2412646.html\" rel=\"noopener\" class=\"jsx-3308031228 Link flex\" target=\"_blank\"><img decoding=\"async\" src=\"https:\/\/www.europesays.com\/fr\/wp-content\/uploads\/2026\/01\/star-academy-tournee-6d55ff-0@1x.jpeg\" alt=\"Ambre, Bastiaan et Sarah parmi les neuf qualifi\u00e9s pour la tourn\u00e9e.\" loading=\"lazy\" importance=\"low\" fetchpriority=\"low\" class=\"\" aria-hidden=\"true\"\/><\/p>\n<p class=\"jsx-3657663356 ReadMoreArticle__Title\">Lire aussi<\/p>\n<p class=\"jsx-3657663356\">EN IMAGES &#8211; \u00ab\u00a0Star Academy 2025\u00a0\u00bb : voici les 9 \u00e9l\u00e8ves qui vont partir en tourn\u00e9e<\/p>\n<p><\/a><\/p>\n<p data-module=\"article-paragraph\" class=\"jsx-157965717 Paragraph Paragraph__End\"><strong>&gt;&gt; Les primes, les \u00e9valuations&#8230; Retrouvez tous les meilleurs moments de la saison en streaming sur TF1+.<\/strong><\/p>\n<p>J.V.<\/p>\n","protected":false},"excerpt":{"rendered":"Les six derniers membres de la promo 2025 ont livr\u00e9 des \u00e9valuations de haut vol cette semaine. Deux&hellip;\n","protected":false},"author":2,"featured_media":648037,"comment_status":"","ping_status":"","sticky":false,"template":"","format":"standard","meta":{"footnotes":""},"categories":[1356],"tags":[1111,11,1921,58,59,1011,27,1922,500,2041,35954,5095,59699,6441,252,199,1364,133,2040],"class_list":{"0":"post-648036","1":"post","2":"type-post","3":"status-publish","4":"format-standard","5":"has-post-thumbnail","7":"category-television","8":"tag-actu","9":"tag-actualites","10":"tag-article-video","11":"tag-divertissement","12":"tag-entertainment","13":"tag-fr","14":"tag-france","15":"tag-info","16":"tag-medias","17":"tag-medias-et-divertissement","18":"tag-nolwenn-leroy","19":"tag-star-academy","20":"tag-star-academy-2025","21":"tag-stromae","22":"tag-television","23":"tag-tf1","24":"tag-tv","25":"tag-video","26":"tag-video-culture"},"share_on_mastodon":{"url":"https:\/\/pubeurope.com\/@fr\/115856140837881222","error":""},"_links":{"self":[{"href":"https:\/\/www.europesays.com\/fr\/wp-json\/wp\/v2\/posts\/648036","targetHints":{"allow":["GET"]}}],"collection":[{"href":"https:\/\/www.europesays.com\/fr\/wp-json\/wp\/v2\/posts"}],"about":[{"href":"https:\/\/www.europesays.com\/fr\/wp-json\/wp\/v2\/types\/post"}],"author":[{"embeddable":true,"href":"https:\/\/www.europesays.com\/fr\/wp-json\/wp\/v2\/users\/2"}],"replies":[{"embeddable":true,"href":"https:\/\/www.europesays.com\/fr\/wp-json\/wp\/v2\/comments?post=648036"}],"version-history":[{"count":0,"href":"https:\/\/www.europesays.com\/fr\/wp-json\/wp\/v2\/posts\/648036\/revisions"}],"wp:featuredmedia":[{"embeddable":true,"href":"https:\/\/www.europesays.com\/fr\/wp-json\/wp\/v2\/media\/648037"}],"wp:attachment":[{"href":"https:\/\/www.europesays.com\/fr\/wp-json\/wp\/v2\/media?parent=648036"}],"wp:term":[{"taxonomy":"category","embeddable":true,"href":"https:\/\/www.europesays.com\/fr\/wp-json\/wp\/v2\/categories?post=648036"},{"taxonomy":"post_tag","embeddable":true,"href":"https:\/\/www.europesays.com\/fr\/wp-json\/wp\/v2\/tags?post=648036"}],"curies":[{"name":"wp","href":"https:\/\/api.w.org\/{rel}","templated":true}]}}