{"id":648051,"date":"2026-01-07T22:26:18","date_gmt":"2026-01-07T22:26:18","guid":{"rendered":"https:\/\/www.europesays.com\/fr\/648051\/"},"modified":"2026-01-07T22:26:18","modified_gmt":"2026-01-07T22:26:18","slug":"emmanuel-macron-fait-il-preuve-de-naivete-sur-trump-et-le-groenland","status":"publish","type":"post","link":"https:\/\/www.europesays.com\/fr\/648051\/","title":{"rendered":"Emmanuel Macron fait-il preuve de na\u00efvet\u00e9 sur Trump et le Groenland\u00a0?"},"content":{"rendered":"<p>        <img decoding=\"async\" loading=\"lazy\" src=\"https:\/\/www.europesays.com\/fr\/wp-content\/uploads\/2026\/01\/dfdedf1_upload-1-bzg2hb58exe5-afp-20260106-89tx29e-v1-highres-franceukrainerussiaconflictdiplomacy.j.jpeg\"  width=\"728\" height=\"409\" alt=\"Emmanuel Macron photographi\u00e9 \u00e0 l\u2019Elys\u00e9e le 6\u00a0janvier 2026\u00a0avant la r\u00e9union de la coalition des volontaires\"\/>  <\/p>\n<p>LUDOVIC MARIN \/ AFP<\/p>\n<p>Emmanuel Macron photographi\u00e9 \u00e0 l\u2019Elys\u00e9e le 6\u00a0janvier 2026\u00a0avant la r\u00e9union de la coalition des volontaires<\/p>\n<p>      <strong>EN BREF<\/strong> <strong>\u2022 <\/strong>Emmanuel Macron doute d\u2019une annexion militaire du Groenland par les \u00c9tats-Unis, malgr\u00e9 les menaces de Donald Trump.<br \/><strong>\u2022 <\/strong>Les Europ\u00e9ens, unis, soutiennent la souverainet\u00e9 danoise et pr\u00e9parent une r\u00e9ponse aux pressions am\u00e9ricaines.<br \/><strong>\u2022 <\/strong>Certains \u00e9lus fran\u00e7ais critiquent la position de Macron, soulignant l\u2019importance de rester vigilants face \u00e0 Trump.                         <\/p>\n<p class=\"asset asset-text\">\u00c0 quel point faut-il prendre au s\u00e9rieux les ambitions affich\u00e9es par <a href=\"https:\/\/www.huffingtonpost.fr\/politique\/article\/l-europe-a-t-elle-les-moyens-d-empecher-donald-trump-d-annexer-le-groenland-comme-il-menace-de-le-faire_258884.html\" target=\"_blank\" rel=\"noopener\">Donald Trump<\/a> concernant <a href=\"https:\/\/www.huffingtonpost.fr\/international\/article\/donald-trump-et-le-groenland-face-aux-pressions-bjork-exhorte-les-habitants-a-declarer-leur-independance_258923.html\" target=\"_blank\" rel=\"noopener\">le Groenland<\/a>\u00a0? Ce mardi 6\u00a0janvier, la Maison Blanche se montrait particuli\u00e8rement d\u00e9termin\u00e9e alors que le pr\u00e9sident am\u00e9ricain, selon sa porte-parole Karoline Leavitt, n\u2019excluait pas l\u2019option militaire pour s\u2019emparer de ce territoire, appartenant au royaume du Danemark. \u00ab\u00a0Nous nous en occuperons dans environ deux mois\u00a0\u00bb, avait m\u00eame lanc\u00e9 le milliardaire au lendemain de la capture (spectaculaire) du pr\u00e9sident du Venezuela Nicol\u00e1s Maduro.<\/p>\n<p class=\"asset asset-text\">Ce n\u2019est pas la premi\u00e8re fois que Donald Trump louche sur le territoire sous pavillon danois, il l\u2019avait d\u00e9j\u00e0 menac\u00e9 d\u2019annexion apr\u00e8s son \u00e9lection. Derri\u00e8re les questions de s\u00e9curit\u00e9 face \u00e0 la Russie et la Chine qui justifieraient un tel coup de force aux yeux du locataire de la Maison Blanche, l\u2019\u00eele cache surtout des tr\u00e9sors de minerais pr\u00e9cieux.<\/p>\n<p class=\"asset asset-text\">Alors vrai compte \u00e0 rebours ou simple esbroufe pour bousculer les Europ\u00e9ens\u00a0? Quoi qu\u2019il en soit, ces derniers n\u2019ont pas tra\u00een\u00e9 pour r\u00e9agir, publiant d\u00e8s mardi un communiqu\u00e9 r\u00e9affirmant leur unit\u00e9 et leur soutien \u00e0 la souverainet\u00e9 danoise sur ce territoire. Quant \u00e0 <a href=\"https:\/\/www.huffingtonpost.fr\/politique\/article\/emmanuel-macron-et-les-dirigeants-europeens-envoient-un-message-a-donald-trump-sur-le-groenland_258932.html\" target=\"_blank\" rel=\"noopener\">Emmanuel Macron<\/a>, il ne semble pas croire \u00e0 l\u2019hypoth\u00e8se d\u2019une annexion par la force. \u00ab\u00a0Il n\u2019y a pas pour moi de sc\u00e9nario o\u00f9 les \u00c9tats-Unis d\u2019Am\u00e9rique seraient mis dans une situation de violer la souverainet\u00e9 danoise, cela n\u2019existe pas\u00a0\u00bb, a assur\u00e9 le pr\u00e9sident au micro du JT de France 2, se disant par ailleurs confiant dans l\u2019attitude des Am\u00e9ricains qui \u00ab\u00a0continueront d\u2019avancer avec nous pour la paix et la s\u00e9curit\u00e9 en Europe\u00a0\u00bb.<\/p>\n<p> La lecture de ce contenu est susceptible d\u2019entra\u00eener un d\u00e9p\u00f4t de cookies de la part de l\u2019op\u00e9rateur tiers qui l\u2019h\u00e9berge. Compte-tenu des choix que vous avez exprim\u00e9s en mati\u00e8re de d\u00e9p\u00f4t de cookies, nous avons bloqu\u00e9 l\u2019affichage de ce contenu. Si vous souhaitez y acc\u00e9der, vous devez accepter la cat\u00e9gorie de cookies \u201cContenus tiers\u201d en cliquant sur le bouton ci-dessous. <\/p>\n<p> Lire la Vid\u00e9o            \u00ab\u00a0Nous sommes des \u00e9lus, pas des bookmakers\u00a0\u00bb    <\/p>\n<p class=\"asset asset-text\">Un commentaire jug\u00e9 na\u00eff pour certains \u00e9lus, dont Aurore Lalucq, eurod\u00e9put\u00e9e Place publique. \u00ab\u00a0Quels sont les signaux qui nous permettent d\u2019imaginer qu\u2019il ne va pas le faire\u00a0? Aucun. Nous sommes des \u00e9lus, pas des bookmakers\u00a0\u00bb, \u00e9crit-elle sur X. Si le d\u00e9put\u00e9 insoumis Jean-Fran\u00e7ois Coulomme y voit une preuve suppl\u00e9mentaire de la \u00ab\u00a0corruption\u00a0\u00bb du pr\u00e9sident, son coll\u00e8ge \u00c9ric Coquerel juge, lui, ce mercredi matin \u00ab\u00a0contraires aux int\u00e9r\u00eats du peuple fran\u00e7ais\u00a0\u00bb les r\u00e9actions de l\u2019ex\u00e9cutif fran\u00e7ais depuis l\u2019op\u00e9ration v\u00e9n\u00e9zu\u00e9lienne.<\/p>\n<p class=\"asset asset-text\">Il en veut pour preuve la strat\u00e9gie nationale d\u00e9voil\u00e9e par l\u2019administration am\u00e9ricaine en novembre\u00a02025\u00a0et dans laquelle les \u00c9tats-Unis assument notamment de vouloir soutenir les partis patriotes sur le vieux continent. \u00ab\u00a0L\u2019Europe n\u2019est plus un alli\u00e9 des \u00c9tats-Unis mais une cible id\u00e9ologique et tributaire vis\u00e9e par une relation d\u2019emprise au service des seuls int\u00e9r\u00eats nationaux de l\u2019empire US\u00a0\u00bb, cingle le d\u00e9put\u00e9 LFI.<\/p>\n<p class=\"asset asset-text\">Sollicit\u00e9, l\u2019entourage du pr\u00e9sident renvoie lui aussi aux d\u00e9clarations d\u2019Emmanuel Macron et \u00e0 sa confiance dans le respect des alliances au regard du droit international. Une confiance qui est aussi \u00e0 chercher du c\u00f4t\u00e9 du Quai d\u2019Orsay. Invit\u00e9 de la matinale de France inter ce mercredi, le ministre des Affaires \u00e9trang\u00e8res, Jean-No\u00ebl Barrot assure avoir \u00e9chang\u00e9 \u00e0 ce sujet avec son homologue am\u00e9ricain, Marco Rubio.<\/p>\n<p class=\"asset asset-text\">\u00ab\u00a0Il a \u00e9cart\u00e9 qu\u2019on puisse imaginer que puisse se produire au Groenland ce qu\u2019il s\u2019est produit au\u00a0Venezuela\u00a0\u00bb, d\u00e9taille le ministre qui, comme son confr\u00e8re Benjamin Haddad, ministre d\u00e9l\u00e9gu\u00e9 \u00e0 l\u2019Europe, voit dans l\u2019agitation de certains sur une hypoth\u00e9tique intervention arm\u00e9e am\u00e9ricaine de la \u00ab\u00a0politique-fiction\u00a0\u00bb. \u00ab\u00a0Une \u00e9ventuelle attaque n\u2019aurait absolument aucun sens\u00a0; pour un pays de l\u2019Otan de s\u2019en prendre \u00e0 un autre pays de l\u2019Otan, \u00e7a n\u2019aurait aucun sens\u00a0\u00bb, a encore insist\u00e9 Jean-No\u00ebl Barrot rappelant l\u2019attachement des \u00c9tats-Unis \u00e0 l\u2019Otan.<\/p>\n<p>    Les Europ\u00e9ens ont un \u00ab\u00a0plan\u00a0\u00bb    <\/p>\n<p class=\"asset asset-text\">Si Emmanuel Macron s\u2019affiche confiant, les services diplomatiques fran\u00e7ais et europ\u00e9ens n\u2019entendent pas pour autant rester compl\u00e8tement passifs face \u00e0 ces affichages et les prennent m\u00eame tr\u00e8s aux s\u00e9rieux. D\u2019autant que Donald Trump multiplie les points de pression \u00e0 leur endroit\u00a0: Washington a r\u00e9cemment pris des sanctions \u00e9conomiques contre des personnalit\u00e9s europ\u00e9ennes engag\u00e9es pour une stricte r\u00e9gulation de la tech, dont Thierry Breton.<\/p>\n<p class=\"asset asset-text\">Par ailleurs, l\u2019op\u00e9ration sid\u00e9rante men\u00e9e \u00e0 Caracas a prouv\u00e9 que le droit international demeurait le cadet des soucis de l\u2019administration Trump. \u00ab\u00a0Quelle que soit la forme des intimidations et quelle que soit leur provenance, nous avons engag\u00e9 un travail (&#8230;) au Quai d\u2019Orsay, pour nous pr\u00e9parer \u00e0 riposter, \u00e0 r\u00e9pondre et \u00e0 ne pas r\u00e9pondre seul\u00a0\u00bb, a promis Jean-No\u00ebl Barrot. Selon lui, ce travail aboutira \u00ab\u00a0dans les prochains jours\u00a0\u00bb \u00e0 un plan qui sera partag\u00e9 avec les principaux partenaires de la France, dont particuli\u00e8rement l\u2019Allemagne et la Pologne.<\/p>\n<p class=\"asset asset-text\">M\u00eame chez les d\u00e9put\u00e9s macronistes l\u2019enjeu est pris tr\u00e8s au s\u00e9rieux. Le d\u00e9put\u00e9 Renaissance de la 3e circonscription des Fran\u00e7ais d\u2019Europe du Nord, Vincent Caure a d\u00e9pos\u00e9 avec son coll\u00e8ge \u00c9cologiste, Damien Girard une proposition de r\u00e9solution transpartisane pour appeler le gouvernement \u00e0 \u00ab\u00a0affirmer clairement\u00a0\u00bb sa solidarit\u00e9 avec le Groenland et le Danemark. Le texte r\u00e9clame \u00e9galement un renforcement de la coop\u00e9ration s\u00e9curitaire en d\u00e9ployant une mission militaire europ\u00e9enne. Un signe peut-\u00eatre que tout le monde n\u2019affiche pas autant d\u2019optimistes quant \u00e0 la loyaut\u00e9 de Donald Trump, envers le droit international ou les Europ\u00e9ens.<\/p>\n","protected":false},"excerpt":{"rendered":"LUDOVIC MARIN \/ AFP Emmanuel Macron photographi\u00e9 \u00e0 l\u2019Elys\u00e9e le 6\u00a0janvier 2026\u00a0avant la r\u00e9union de la coalition des&hellip;\n","protected":false},"author":2,"featured_media":648052,"comment_status":"","ping_status":"","sticky":false,"template":"","format":"standard","meta":{"footnotes":""},"categories":[5],"tags":[11,312,75,1073,1011,27,146,14,12,316,364,28],"class_list":{"0":"post-648051","1":"post","2":"type-post","3":"status-publish","4":"format-standard","5":"has-post-thumbnail","7":"category-international","8":"tag-actualites","9":"tag-diplomatie","10":"tag-donald-trump","11":"tag-emmanuel-macron","12":"tag-fr","13":"tag-france","14":"tag-groenland","15":"tag-international","16":"tag-news","17":"tag-politique","18":"tag-union-europeenne","19":"tag-world"},"share_on_mastodon":{"url":"https:\/\/pubeurope.com\/@fr\/115856171664706092","error":""},"_links":{"self":[{"href":"https:\/\/www.europesays.com\/fr\/wp-json\/wp\/v2\/posts\/648051","targetHints":{"allow":["GET"]}}],"collection":[{"href":"https:\/\/www.europesays.com\/fr\/wp-json\/wp\/v2\/posts"}],"about":[{"href":"https:\/\/www.europesays.com\/fr\/wp-json\/wp\/v2\/types\/post"}],"author":[{"embeddable":true,"href":"https:\/\/www.europesays.com\/fr\/wp-json\/wp\/v2\/users\/2"}],"replies":[{"embeddable":true,"href":"https:\/\/www.europesays.com\/fr\/wp-json\/wp\/v2\/comments?post=648051"}],"version-history":[{"count":0,"href":"https:\/\/www.europesays.com\/fr\/wp-json\/wp\/v2\/posts\/648051\/revisions"}],"wp:featuredmedia":[{"embeddable":true,"href":"https:\/\/www.europesays.com\/fr\/wp-json\/wp\/v2\/media\/648052"}],"wp:attachment":[{"href":"https:\/\/www.europesays.com\/fr\/wp-json\/wp\/v2\/media?parent=648051"}],"wp:term":[{"taxonomy":"category","embeddable":true,"href":"https:\/\/www.europesays.com\/fr\/wp-json\/wp\/v2\/categories?post=648051"},{"taxonomy":"post_tag","embeddable":true,"href":"https:\/\/www.europesays.com\/fr\/wp-json\/wp\/v2\/tags?post=648051"}],"curies":[{"name":"wp","href":"https:\/\/api.w.org\/{rel}","templated":true}]}}