{"id":648058,"date":"2026-01-07T22:30:31","date_gmt":"2026-01-07T22:30:31","guid":{"rendered":"https:\/\/www.europesays.com\/fr\/648058\/"},"modified":"2026-01-07T22:30:31","modified_gmt":"2026-01-07T22:30:31","slug":"etienne-ol-lyonnes-les-supporters-lyonnais-interdits","status":"publish","type":"post","link":"https:\/\/www.europesays.com\/fr\/648058\/","title":{"rendered":"Etienne &#8211; OL Lyonnes : les supporters lyonnais interdits"},"content":{"rendered":"<p>                            <img width=\"770\" height=\"433\" src=\"https:\/\/www.europesays.com\/fr\/wp-content\/uploads\/2025\/12\/AFP__20250921__doucelin-sainteti250920_npAoe__v1__HighRes__SaintEtienneVOlLyonArkema-770x433.jpg\" class=\"attachment-article size-article wp-post-image\" alt=\"Ada Hegerberg lors d'AS Saint-Etienne - OL Lyonnes\" decoding=\"async\" fetchpriority=\"high\"  \/><\/p>\n<p>Ada Hegerberg lors d\u2019AS Saint-Etienne \u2013 OL Lyonnes (Photo by Romain Doucelin\/NurPhoto) (Photo by Romain Doucelin \/ NurPhoto via AFP)<\/p>\n<p>Comme en championnat, les supporters de l&rsquo;OL Lyonnes ne pourront pas se rendre \u00e0 Saint-\u00c9tienne. Un arr\u00eat\u00e9 pr\u00e9fectoral interdit leur pr\u00e9sence ce samedi 10 janvier au stade des Olli\u00e8res.<\/p>\n<p>Ce premier derby de 2026 aura r\u00e9serv\u00e9 son lot de p\u00e9rip\u00e9ties, en esp\u00e9rant que cela ne se r\u00e9percute pas sur le terrain ce samedi apr\u00e8s-midi. Pour son entr\u00e9e en lice en Coupe de France, l&rsquo;<strong>OL Lyonnes<\/strong> se d\u00e9place \u00e0 <strong>Saint-\u00c9tienne<\/strong> et a eu le droit \u00e0 plusieurs changements. Que ce soit dans la programmation du match, passant du dimanche 11 au samedi 10 \u00e0 14h30 ou dans le lieu de cette rencontre. Initialement pr\u00e9vu au stade Salif Keita comme en Premi\u00e8re Ligue, le derby se tiendra finalement \u00e0 l&rsquo;Etrat au <a href=\"https:\/\/www.olympique-et-lyonnais.com\/changement-de-stade-pour-saint-etienne-ol-lyonnes,388068.html#google_vignette\" target=\"_blank\" rel=\"noopener\">stade des Olli\u00e8res<\/a> sur une pelouse synth\u00e9tique.<\/p>\n<p>Deuxi\u00e8me interdiction de la saison pour le derby<\/p>\n<p>Un choix qui s&rsquo;explique par les conditions m\u00e9t\u00e9orologiques actuelles et qui devrait quelque peu niveler les forces. Un stade plus rustique et une absence de soutien pour les joueuses de Jonatan <strong>Giraldez<\/strong>. En effet, la pr\u00e9fecture de la Loire a publi\u00e9 un arr\u00eat\u00e9 ce mercredi interdisant la venue des supporters lyonnais dans le Forez, mettant notamment en avant un match amical entre l&rsquo;ASSE et <strong>Auxerre<\/strong> qui se tient \u00e0 Geoffroy Guichard deux heures auparavant. C&rsquo;\u00e9tait d\u00e9j\u00e0 le cas en championnat \u00e0 la mi-septembre, m\u00eame si certains avaient brav\u00e9 cet interdit en toute discr\u00e9tion.\u00a0<\/p>\n<p>\t\t\t\t\t<a href=\"https:\/\/www.olympique-et-lyonnais.com\/coupe-lffp-lol-lyonnes-connaitra-son-adversaire-en-quarts-vendredi,388117.html\" title=\"Coupe LFFP : l\u2019OL Lyonnes connaitra son adversaire en quarts vendredi\" target=\"_blank\" rel=\"noopener\"><img loading=\"lazy\" width=\"580\" height=\"326\" src=\"https:\/\/www.europesays.com\/fr\/wp-content\/uploads\/2026\/01\/AFP__20251218__2251888377__v2__HighRes__OlLyonnesVClubAtleticoDeMadridUefaWomenSCham-580x326.jpg\" class=\"attachment-actularge size-actularge wp-post-image\" alt=\"Jonatan Giraldez, coach de l'OL Lyonnes\" decoding=\"async\"  \/>\t\t\t\t\t<\/a><\/p>\n","protected":false},"excerpt":{"rendered":"Ada Hegerberg lors d\u2019AS Saint-Etienne \u2013 OL Lyonnes (Photo by Romain Doucelin\/NurPhoto) (Photo by Romain Doucelin \/ NurPhoto&hellip;\n","protected":false},"author":2,"featured_media":602990,"comment_status":"","ping_status":"","sticky":false,"template":"","format":"standard","meta":{"footnotes":""},"categories":[9653],"tags":[1111,11,2430,1777,674,1011,27,12,241,242,25,4001],"class_list":{"0":"post-648058","1":"post","2":"type-post","3":"status-publish","4":"format-standard","5":"has-post-thumbnail","7":"category-saint-etienne","8":"tag-actu","9":"tag-actualites","10":"tag-auvergne-rhone-alpes","11":"tag-eu","12":"tag-europe","13":"tag-fr","14":"tag-france","15":"tag-news","16":"tag-ol","17":"tag-ol-feminin","18":"tag-republique-francaise","19":"tag-saint-etienne"},"share_on_mastodon":{"url":"https:\/\/pubeurope.com\/@fr\/115856187433785205","error":""},"_links":{"self":[{"href":"https:\/\/www.europesays.com\/fr\/wp-json\/wp\/v2\/posts\/648058","targetHints":{"allow":["GET"]}}],"collection":[{"href":"https:\/\/www.europesays.com\/fr\/wp-json\/wp\/v2\/posts"}],"about":[{"href":"https:\/\/www.europesays.com\/fr\/wp-json\/wp\/v2\/types\/post"}],"author":[{"embeddable":true,"href":"https:\/\/www.europesays.com\/fr\/wp-json\/wp\/v2\/users\/2"}],"replies":[{"embeddable":true,"href":"https:\/\/www.europesays.com\/fr\/wp-json\/wp\/v2\/comments?post=648058"}],"version-history":[{"count":0,"href":"https:\/\/www.europesays.com\/fr\/wp-json\/wp\/v2\/posts\/648058\/revisions"}],"wp:featuredmedia":[{"embeddable":true,"href":"https:\/\/www.europesays.com\/fr\/wp-json\/wp\/v2\/media\/602990"}],"wp:attachment":[{"href":"https:\/\/www.europesays.com\/fr\/wp-json\/wp\/v2\/media?parent=648058"}],"wp:term":[{"taxonomy":"category","embeddable":true,"href":"https:\/\/www.europesays.com\/fr\/wp-json\/wp\/v2\/categories?post=648058"},{"taxonomy":"post_tag","embeddable":true,"href":"https:\/\/www.europesays.com\/fr\/wp-json\/wp\/v2\/tags?post=648058"}],"curies":[{"name":"wp","href":"https:\/\/api.w.org\/{rel}","templated":true}]}}