{"id":648061,"date":"2026-01-07T22:32:20","date_gmt":"2026-01-07T22:32:20","guid":{"rendered":"https:\/\/www.europesays.com\/fr\/648061\/"},"modified":"2026-01-07T22:32:20","modified_gmt":"2026-01-07T22:32:20","slug":"il-etait-deux-fois-la-ville-de-la-serie-sagas-existe-t-elle-vraiment","status":"publish","type":"post","link":"https:\/\/www.europesays.com\/fr\/648061\/","title":{"rendered":"Il \u00e9tait deux fois : La ville de la s\u00e9rie, Sagas, existe-t-elle vraiment ?"},"content":{"rendered":"<p class=\"articleContent-meta\">\n        Aujourd&rsquo;hui \u00e0 11:00 &#8211; par             <a class=\"articleContent-metaAuthorsLink\" href=\"https:\/\/www.cesoirtv.com\/auteur\/thomas-fourcroy\/\" target=\"_blank\" rel=\"noopener\">Thomas Fourcroy<\/a><\/p>\n<p>                    Tweeter<\/p>\n<p>                    Partager sur Facebook<\/p>\n<p>                        <img decoding=\"async\" src=\"https:\/\/www.europesays.com\/fr\/wp-content\/uploads\/2026\/01\/il-etait-deux-fois-7-janvier.jpg\" alt=\"Player Video\" class=\"player-applyRatio poster exclude-seedtag\"\/><\/p>\n<p>Le mercredi 7 janvier \u00e0 21h10, France 2 diffuse le premier \u00e9pisode d&rsquo;Il \u00e9tait deux fois. Une s\u00e9rie adapt\u00e9e d&rsquo;un c\u00e9l\u00e8bre roman, prenant place dans des d\u00e9cors particuliers qu&rsquo;on vous pr\u00e9sente ici. <\/p>\n<p>Au rayon des nouvelles s\u00e9ries \u00e0 voir le jour en 2026 sur France 2, impossible de passer \u00e0 c\u00f4t\u00e9 de cette fiction au titre \u00e9vocateur : <a href=\"https:\/\/www.cesoirtv.com\/news\/series\/4563-il-etait-deux-fois-date-de-diffusion-casting-les-infos-sur-la-nouvelle-serie-de-france-2-avec-odile-vuillemin\/\" target=\"_blank\" rel=\"noopener\">Il \u00e9tait deux fois<\/a>. Librement adapt\u00e9e du roman \u00e9ponyme de Franck Thilliez, paru en juin 2020 dans la collection Fleuve noir chez Fleuve \u00e9ditions, la s\u00e9rie promet. En effet, profitant d&rsquo;un joli casting compos\u00e9 notamment d&rsquo;<a href=\"https:\/\/www.cesoirtv.com\/news\/series\/2521-un-soupcon-quelle-affaire-criminelle-a-t-elle-inspire-la-serie-sur-cette-tueuse-en-serie-campee-par-odile-vuillemin\/\" target=\"_blank\" rel=\"noopener\">Odile Vuillemin<\/a>, Hubert Delattre, Nicole Calfan, R\u00e9mi Devilla, B\u00e9atrice Facquer, <a href=\"https:\/\/www.cesoirtv.com\/news\/series\/3662-jai-accepte-sans-meme-avoir-lu-un-mot-du-scenario-joy-esther-et-lannick-gautry-expliquent-pourquoi-ils-ont-rejoint-tout-pour-la-lumiere\/\" target=\"_blank\" rel=\"noopener\">Lannick Gautry <\/a>ou encore Tom Novembre, elle b\u00e9n\u00e9ficie \u00e9galement de jolis lieux de tournage. Des d\u00e9cors \u00e0 ne pas manquer, abritant la ville Sagas&#8230; Une question se pose alors, cette bourgade existe-t-elle vraiment ?<\/p>\n<p>Il \u00e9tait deux fois : une m\u00e8re amn\u00e9sique \u00e0 la recherche de sa fille disparue<\/p>\n<p>Nous sommes en 2013 quand la Capitaine Gabrielle Moscato se bat sur l&rsquo;une des affaires les plus complexes de sa carri\u00e8re. Sans aucun doute la plus importante de sa vie : la disparition de Julie, adolescente de 17 ans qui est personne d&rsquo;autre que sa fille. Trois mois d&rsquo;horreur et de travail acharn\u00e9 pour la retrouver, termin\u00e9s entre les murs d&rsquo;une chambre d&rsquo;h\u00f4tel, dans un sommeil profond pour Gabrielle. Ce n&rsquo;est qu&rsquo;en 2025 que l&rsquo;enqu\u00eatrice se r\u00e9veillera. En proie \u00e0 une amn\u00e9sie atypique, cette m\u00e8re va tenter de recoller les morceaux des douze derni\u00e8res ann\u00e9es. Et du c\u00f4t\u00e9 de la ville de Sagas, une autre disparition va secouer les habitants&#8230;<\/p>\n<p>                                Il \u00e9tait deux fois : des lieux de tournage s\u00e9lectionn\u00e9s avec soin<\/p>\n<p>Dans le dossier de presse de la s\u00e9rie, les r\u00e9alisateurs Florian Thomas et Valentin Vincent ont insist\u00e9 sur leur soin apport\u00e9 aux d\u00e9cors, pr\u00e9sents pour imprimer le style particulier d&rsquo;Il \u00e9tait deux fois, r\u00e9cit entre ombre et lumi\u00e8re. Des d\u00e9cors charg\u00e9s de repr\u00e9senter Sagas, une \u00ab\u00a0ville fictive qui a pris forme presque naturellement et qui a permis de donner \u00e0 cette s\u00e9rie une identit\u00e9 singuli\u00e8re\u00a0\u00bb, comme ils le partagent. Avec une ferme intention de casser les clich\u00e9s sur le Grand Est, ils ont choisi de m\u00ealer l&rsquo;architecture de Nancy \u00e0 celles de bourgades de la r\u00e9gion. Ainsi, on a droit \u00e0 un commissariat install\u00e9 dans un ancien h\u00f4tel art nouveau, au CHRU de Nancy, mais aussi \u00e0 l&rsquo;abbaye des pr\u00e9montr\u00e9s, situ\u00e9e \u00e0 Pont-\u00e0-Mousson. Pour fermer la marche entre monts, for\u00eats et autres lacs, leurs cam\u00e9ras ont cibl\u00e9 Dombasle-sur-Meurthe, Frouard, Jarville-la-Malgrange, Laxou, Max\u00e9ville, Vand\u0153uvre-l\u00e8s-Nancy et Villers-l\u00e8s-Nancy.<\/p>\n","protected":false},"excerpt":{"rendered":"Aujourd&rsquo;hui \u00e0 11:00 &#8211; par Thomas Fourcroy Tweeter Partager sur Facebook Le mercredi 7 janvier \u00e0 21h10, France&hellip;\n","protected":false},"author":2,"featured_media":648062,"comment_status":"","ping_status":"","sticky":false,"template":"","format":"standard","meta":{"footnotes":""},"categories":[9635],"tags":[73145,1111,11,5331,1409,1777,674,1011,27,594,775,75321,2706,1702,12,25],"class_list":{"0":"post-648061","1":"post","2":"type-post","3":"status-publish","4":"format-standard","5":"has-post-thumbnail","7":"category-nancy","8":"tag-73145","9":"tag-actu","10":"tag-actualites","11":"tag-adaptation","12":"tag-bande-annonce","13":"tag-eu","14":"tag-europe","15":"tag-fr","16":"tag-france","17":"tag-france-2","18":"tag-grand-est","19":"tag-il-u00e9tait-deux-fois-france-2-7-janv","20":"tag-lieux-de-tournage","21":"tag-nancy","22":"tag-news","23":"tag-republique-francaise"},"share_on_mastodon":{"url":"https:\/\/pubeurope.com\/@fr\/115856195142890717","error":""},"_links":{"self":[{"href":"https:\/\/www.europesays.com\/fr\/wp-json\/wp\/v2\/posts\/648061","targetHints":{"allow":["GET"]}}],"collection":[{"href":"https:\/\/www.europesays.com\/fr\/wp-json\/wp\/v2\/posts"}],"about":[{"href":"https:\/\/www.europesays.com\/fr\/wp-json\/wp\/v2\/types\/post"}],"author":[{"embeddable":true,"href":"https:\/\/www.europesays.com\/fr\/wp-json\/wp\/v2\/users\/2"}],"replies":[{"embeddable":true,"href":"https:\/\/www.europesays.com\/fr\/wp-json\/wp\/v2\/comments?post=648061"}],"version-history":[{"count":0,"href":"https:\/\/www.europesays.com\/fr\/wp-json\/wp\/v2\/posts\/648061\/revisions"}],"wp:featuredmedia":[{"embeddable":true,"href":"https:\/\/www.europesays.com\/fr\/wp-json\/wp\/v2\/media\/648062"}],"wp:attachment":[{"href":"https:\/\/www.europesays.com\/fr\/wp-json\/wp\/v2\/media?parent=648061"}],"wp:term":[{"taxonomy":"category","embeddable":true,"href":"https:\/\/www.europesays.com\/fr\/wp-json\/wp\/v2\/categories?post=648061"},{"taxonomy":"post_tag","embeddable":true,"href":"https:\/\/www.europesays.com\/fr\/wp-json\/wp\/v2\/tags?post=648061"}],"curies":[{"name":"wp","href":"https:\/\/api.w.org\/{rel}","templated":true}]}}