{"id":648067,"date":"2026-01-07T22:36:17","date_gmt":"2026-01-07T22:36:17","guid":{"rendered":"https:\/\/www.europesays.com\/fr\/648067\/"},"modified":"2026-01-07T22:36:17","modified_gmt":"2026-01-07T22:36:17","slug":"trois-nouvelles-boutiques-vont-ouvrir-au-polygone-de-montpellier-cette-annee","status":"publish","type":"post","link":"https:\/\/www.europesays.com\/fr\/648067\/","title":{"rendered":"Trois nouvelles boutiques vont ouvrir au Polygone de Montpellier cette ann\u00e9e"},"content":{"rendered":"<p>Au Polygone, les f\u00eates viennent \u00e0 peine de se terminer que les cartons s\u2019empilent d\u00e9j\u00e0 derri\u00e8re certaines vitrines. Pendant que quelques guirlandes r\u00e9sistent encore \u00e0 l\u2019appel du rangement, d\u2019autres cellules se m\u00e9tamorphosent pour accueillir de nouvelles enseignes. Situ\u00e9 entre la place de la Com\u00e9die et Antigone, le centre commercial montpelli\u00e9rain continue de jouer son r\u00f4le de passage oblig\u00e9 pour les fl\u00e2neurs comme pour les habitu\u00e9s du shopping express. En 2026, l\u2019accent est clairement mis sur la beaut\u00e9, le bien-\u00eatre et les petites envies plaisir. <strong>Trois nouvelles boutiques vont ainsi rejoindre les all\u00e9es du Polygone, <\/strong>venant \u00e9toffer une offre d\u00e9j\u00e0 bien install\u00e9e, tout en apportant un souffle de nouveaut\u00e9 attendu par les clients r\u00e9guliers.<\/p>\n<blockquote class=\"instagram-media\" data-instgrm-permalink=\"https:\/\/www.instagram.com\/p\/DTARGIejAZS\/?utm_source=ig_embed&amp;utm_campaign=loading\" data-instgrm-version=\"14\" style=\"background: #FFF; border: 0; border-radius: 3px; box-shadow: 0 0 1px 0 rgba(0,0,0,0.5),0 1px 10px 0 rgba(0,0,0,0.15); margin: 1px; max-width: 540px; min-width: 326px; padding: 0; width: calc(100% - 2px);\">\n<\/blockquote>\n<p><b>Trois enseignes tr\u00e8s attendues<\/b><\/p>\n<p>Parmi les arriv\u00e9es les plus imminentes, <b>Adopt<\/b> ouvrira d\u00e8s janvier au dernier \u00e9tage, sous la verri\u00e8re. D\u00e9j\u00e0 bien connue des Montpelli\u00e9rains, la marque s\u00e9duit par ses parfums accessibles et son large choix de senteurs. Une adresse de plus pour celles et ceux qui aiment changer de fragrance comme de saison. Toujours en janvier, <b>Atelier 19<\/b> viendra poser ses bijoux fantaisie au dernier \u00e9tage \u00e9galement, entre C&amp;A et Biotech USA. Une boutique d\u00e9j\u00e0 rep\u00e9r\u00e9e en centre-ville, rue du Four des Flammes, qui attire une client\u00e8le en qu\u00eate de pi\u00e8ces tendance, sans se ruiner.\u00a0Un peu plus tard, au rez-de-chauss\u00e9e cette fois, <b>R<\/b><strong>ituals<\/strong><strong> s\u2019installera d\u2019ici le printemps.<\/strong> L\u2019enseigne n\u00e9erlandaise est sp\u00e9cialis\u00e9e dans les cosm\u00e9tiques et rituels de bien-\u00eatre\u00a0: <strong>parfums d\u2019int\u00e9rieur, soins pour le corps, ambiance zen&#8230; <\/strong>Une ouverture tr\u00e8s attendue pour ralentir un peu le rythme\u2026 m\u00eame en pleine session shopping\u00a0!<\/p>\n<p>Centre Commercial Le Polygone<\/p>\n<li class=\"address info\">1, rue des Pertuisanes Montpellier<\/li>\n<li class=\"opening-hours\">Lundi &#8211; samedi : 10:00 &#8211; 20:00<\/li>\n<li class=\"opening-hours close\">Dimanche : Ferm\u00e9<\/li>\n<p>    <script async src=\"\/\/www.instagram.com\/embed.js\"><\/script><\/p>\n","protected":false},"excerpt":{"rendered":"Au Polygone, les f\u00eates viennent \u00e0 peine de se terminer que les cartons s\u2019empilent d\u00e9j\u00e0 derri\u00e8re certaines vitrines.&hellip;\n","protected":false},"author":2,"featured_media":648068,"comment_status":"","ping_status":"","sticky":false,"template":"","format":"standard","meta":{"footnotes":""},"categories":[9599],"tags":[1111,11,1777,674,1011,27,2208,12,2680,25],"class_list":{"0":"post-648067","1":"post","2":"type-post","3":"status-publish","4":"format-standard","5":"has-post-thumbnail","7":"category-montpellier","8":"tag-actu","9":"tag-actualites","10":"tag-eu","11":"tag-europe","12":"tag-fr","13":"tag-france","14":"tag-montpellier","15":"tag-news","16":"tag-occitanie","17":"tag-republique-francaise"},"share_on_mastodon":{"url":"https:\/\/pubeurope.com\/@fr\/115856210984537551","error":""},"_links":{"self":[{"href":"https:\/\/www.europesays.com\/fr\/wp-json\/wp\/v2\/posts\/648067","targetHints":{"allow":["GET"]}}],"collection":[{"href":"https:\/\/www.europesays.com\/fr\/wp-json\/wp\/v2\/posts"}],"about":[{"href":"https:\/\/www.europesays.com\/fr\/wp-json\/wp\/v2\/types\/post"}],"author":[{"embeddable":true,"href":"https:\/\/www.europesays.com\/fr\/wp-json\/wp\/v2\/users\/2"}],"replies":[{"embeddable":true,"href":"https:\/\/www.europesays.com\/fr\/wp-json\/wp\/v2\/comments?post=648067"}],"version-history":[{"count":0,"href":"https:\/\/www.europesays.com\/fr\/wp-json\/wp\/v2\/posts\/648067\/revisions"}],"wp:featuredmedia":[{"embeddable":true,"href":"https:\/\/www.europesays.com\/fr\/wp-json\/wp\/v2\/media\/648068"}],"wp:attachment":[{"href":"https:\/\/www.europesays.com\/fr\/wp-json\/wp\/v2\/media?parent=648067"}],"wp:term":[{"taxonomy":"category","embeddable":true,"href":"https:\/\/www.europesays.com\/fr\/wp-json\/wp\/v2\/categories?post=648067"},{"taxonomy":"post_tag","embeddable":true,"href":"https:\/\/www.europesays.com\/fr\/wp-json\/wp\/v2\/tags?post=648067"}],"curies":[{"name":"wp","href":"https:\/\/api.w.org\/{rel}","templated":true}]}}