{"id":648097,"date":"2026-01-07T22:56:01","date_gmt":"2026-01-07T22:56:01","guid":{"rendered":"https:\/\/www.europesays.com\/fr\/648097\/"},"modified":"2026-01-07T22:56:01","modified_gmt":"2026-01-07T22:56:01","slug":"des-comportements-inacceptables-lille-condamne-les-chants-homophobes-de-ses-supporters","status":"publish","type":"post","link":"https:\/\/www.europesays.com\/fr\/648097\/","title":{"rendered":"\u00ab\u00a0Des comportements inacceptables\u00a0!\u00a0\u00bb\u00a0: Lille condamne les chants homophobes de ses supporters"},"content":{"rendered":"<p>Outre la victoire du Stade Rennais \u00e0 Lille (2-0), samedi 3\u00a0janvier, la rencontre de Ligue 1 <a href=\"https:\/\/rennes.maville.com\/sport\/detail_-commentaire.-hysterie-insultes-intimidations...-un-pitoyable-spectacle-lors-de-lille-rennes-pour-lancer-2026-_7-7131600_actu.Htm\" target=\"_self\" rel=\"noopener\">a \u00e9t\u00e9 marqu\u00e9e par des chants injurieux et homophobes entonn\u00e9s par un groupe de supporters nordiste<\/a>. Plac\u00e9s pr\u00e8s de la tribune de presse apr\u00e8s la fermeture partielle de leur parcage, les Dogues Virage Est (DVE) s\u2019en sont pris aux m\u00e9dias, \u00e0 l\u2019arbitre de la rencontre et m\u00eame aux Lensois au travers de plusieurs chants insultants. Ce mercredi 7\u00a0janvier, le Losc a publi\u00e9 un communiqu\u00e9 pour condamner ces comportements.<\/p>\n<\/p>\n<p>\u00ab\u00a0Le club pr\u00e9sente ses excuses sinc\u00e8res aux personnes concern\u00e9es par ces agissements\u00a0\u00bb<\/p>\n<p>Dans ce communiqu\u00e9, le club nordiste indique \u00a0condamner\u00a0avec la plus grande fermet\u00e9\u00a0les propos et comportements inacceptables tenus par une petite partie du public, contraires \u00e0 nos valeurs de respect, d\u2019inclusion et de convivialit\u00e9. Le club pr\u00e9sente ses excuses sinc\u00e8res aux personnes concern\u00e9es par ces agissements. Rien ne peut justifier les insultes, propos discriminatoires et atteintes au respect des personnes.\u00a0<\/p>\n<p><strong>Lire aussi\u00a0:<\/strong>\u00a0<a href=\"https:\/\/rennes.maville.com\/sport\/detail_-homophobie.-le-collectif-rouge-direct-reclame-des-sanctions-d-une-severite-inedite-apres-lille-rennes-_54135-7132354_actu.Htm\" target=\"_self\" rel=\"noopener\">Homophobie. Le collectif Rouge direct r\u00e9clame des \u00ab\u00a0sanctions d\u2019une s\u00e9v\u00e9rit\u00e9 in\u00e9dite\u00a0\u00bb apr\u00e8s Lille-Rennes<\/a><\/p>\n<p>Le Losc a \u00e9galement pr\u00e9cis\u00e9 qu\u2019il \u00a0coop\u00e9rera avec les instances comp\u00e9tentes et prendra les sanctions n\u00e9cessaires\u00a0\u00bb.<\/p>\n<p>\u00a0<\/p>\n","protected":false},"excerpt":{"rendered":"Outre la victoire du Stade Rennais \u00e0 Lille (2-0), samedi 3\u00a0janvier, la rencontre de Ligue 1 a \u00e9t\u00e9&hellip;\n","protected":false},"author":2,"featured_media":648098,"comment_status":"","ping_status":"","sticky":false,"template":"","format":"standard","meta":{"footnotes":""},"categories":[2815],"tags":[1111,11,3809,1465,1777,674,63,1011,27,1792,811,1922,1307,766,12,25,479,517,1470],"class_list":{"0":"post-648097","1":"post","2":"type-post","3":"status-publish","4":"format-standard","5":"has-post-thumbnail","7":"category-lille","8":"tag-actu","9":"tag-actualites","10":"tag-ball","11":"tag-basket","12":"tag-eu","13":"tag-europe","14":"tag-football","15":"tag-fr","16":"tag-france","17":"tag-handball","18":"tag-hauts-de-france","19":"tag-info","20":"tag-lille","21":"tag-nantes","22":"tag-news","23":"tag-republique-francaise","24":"tag-rugby","25":"tag-sport","26":"tag-volley"},"share_on_mastodon":{"url":"","error":""},"_links":{"self":[{"href":"https:\/\/www.europesays.com\/fr\/wp-json\/wp\/v2\/posts\/648097","targetHints":{"allow":["GET"]}}],"collection":[{"href":"https:\/\/www.europesays.com\/fr\/wp-json\/wp\/v2\/posts"}],"about":[{"href":"https:\/\/www.europesays.com\/fr\/wp-json\/wp\/v2\/types\/post"}],"author":[{"embeddable":true,"href":"https:\/\/www.europesays.com\/fr\/wp-json\/wp\/v2\/users\/2"}],"replies":[{"embeddable":true,"href":"https:\/\/www.europesays.com\/fr\/wp-json\/wp\/v2\/comments?post=648097"}],"version-history":[{"count":0,"href":"https:\/\/www.europesays.com\/fr\/wp-json\/wp\/v2\/posts\/648097\/revisions"}],"wp:featuredmedia":[{"embeddable":true,"href":"https:\/\/www.europesays.com\/fr\/wp-json\/wp\/v2\/media\/648098"}],"wp:attachment":[{"href":"https:\/\/www.europesays.com\/fr\/wp-json\/wp\/v2\/media?parent=648097"}],"wp:term":[{"taxonomy":"category","embeddable":true,"href":"https:\/\/www.europesays.com\/fr\/wp-json\/wp\/v2\/categories?post=648097"},{"taxonomy":"post_tag","embeddable":true,"href":"https:\/\/www.europesays.com\/fr\/wp-json\/wp\/v2\/tags?post=648097"}],"curies":[{"name":"wp","href":"https:\/\/api.w.org\/{rel}","templated":true}]}}