{"id":648099,"date":"2026-01-07T22:57:14","date_gmt":"2026-01-07T22:57:14","guid":{"rendered":"https:\/\/www.europesays.com\/fr\/648099\/"},"modified":"2026-01-07T22:57:14","modified_gmt":"2026-01-07T22:57:14","slug":"quelques-flocons-observes-en-ville-ce-mercredi-soir","status":"publish","type":"post","link":"https:\/\/www.europesays.com\/fr\/648099\/","title":{"rendered":"quelques flocons observ\u00e9s en ville ce mercredi soir"},"content":{"rendered":"<p class=\"rev-margin-0 rev-text-xs-normal\">Quelques flocons de neige sont tomb\u00e9s \u00e0 plusieurs endroits de Marseille dans la soir\u00e9e de ce mercredi 7 janvier<\/p>\n<p class=\"rev-margin-0 rev-text-xs-bold\">\/ Capture d&rsquo;\u00e9cran vid\u00e9o X de @yolequipe<\/p>\n<p>Vous risquez d&rsquo;en entendre parler : il a neig\u00e9 \u00e0 <a href=\"https:\/\/www.laprovence.com\/bouches-du-rhone\/marseille-13055\" target=\"_blank\" rel=\"noopener\">Marseille<\/a> ! Oui oui, vers 19h30 ce mercredi 7 janvier, quelques flocons sont tomb\u00e9s \u00e0 plusieurs endroits de la cit\u00e9 phoc\u00e9enne : La Blancarde, la Plaine, cours Honor\u00e9 d&rsquo;Estienne d&rsquo;Orves, La Valentine, la Timone&#8230; <strong>Suffisamment rare<\/strong> pour que cela devienne rapidement un sujet de conversation, notamment sur les r\u00e9seaux sociaux.<\/p>\n<p>\u00ab\u00a0Je viens de me prendre un flocon dans l&rsquo;\u0153il, il neige \u00e0 Marseille\u00a0\u00bb, poste un utilisateur <a href=\"https:\/\/x.com\/medoumedac\/status\/2008959095131271533\" target=\"_blank\">sur X<\/a> en ajoutant un m\u00e8me \u00e0 sa publication (voir ci-dessous).<\/p>\n<p>\u00ab\u00a0\u00c7a a chang\u00e9 Marseille, il neige maintenant\u00a0\u00bb, note une autre personne en partageant une vid\u00e9o (voir ci-dessous).<\/p>\n<p>Certains utilisateurs ironisent : \u00ab\u00a0<a href=\"https:\/\/x.com\/kr_n2s\/status\/2008971447956590915\" target=\"_blank\">Il neige \u00e0 Marseille, faut voir comme on est tous choqu\u00e9<\/a>\u00a0\u00bb ; \u00ab\u00a0La neige \u00e0 Marseille qui dure 3 minutes\u00a0\u00bb ; \u00ab\u00a0Il neige \u00e0 Marseille mdrrr (mort de rire, ndlr) demain personne va travailler\u00a0\u00bb&#8230;\u00a0<\/p>\n<p>Pour autant, la neige ne semble pas tenir au sol.<\/p>\n","protected":false},"excerpt":{"rendered":"Quelques flocons de neige sont tomb\u00e9s \u00e0 plusieurs endroits de Marseille dans la soir\u00e9e de ce mercredi 7&hellip;\n","protected":false},"author":2,"featured_media":648100,"comment_status":"","ping_status":"","sticky":false,"template":"","format":"standard","meta":{"footnotes":""},"categories":[2814],"tags":[5734,1111,11,1777,674,65949,1011,27,884,6774,10584,12,75324,882,25732,25,104,4824],"class_list":{"0":"post-648099","1":"post","2":"type-post","3":"status-publish","4":"format-standard","5":"has-post-thumbnail","7":"category-marseille","8":"tag-5734","9":"tag-actu","10":"tag-actualites","11":"tag-eu","12":"tag-europe","13":"tag-flocons","14":"tag-fr","15":"tag-france","16":"tag-marseille","17":"tag-mercredi","18":"tag-neige","19":"tag-news","20":"tag-observes","21":"tag-provence-alpes-cote-dazur","22":"tag-quelques","23":"tag-republique-francaise","24":"tag-societe","25":"tag-ville"},"share_on_mastodon":{"url":"https:\/\/pubeurope.com\/@fr\/115856293535276761","error":""},"_links":{"self":[{"href":"https:\/\/www.europesays.com\/fr\/wp-json\/wp\/v2\/posts\/648099","targetHints":{"allow":["GET"]}}],"collection":[{"href":"https:\/\/www.europesays.com\/fr\/wp-json\/wp\/v2\/posts"}],"about":[{"href":"https:\/\/www.europesays.com\/fr\/wp-json\/wp\/v2\/types\/post"}],"author":[{"embeddable":true,"href":"https:\/\/www.europesays.com\/fr\/wp-json\/wp\/v2\/users\/2"}],"replies":[{"embeddable":true,"href":"https:\/\/www.europesays.com\/fr\/wp-json\/wp\/v2\/comments?post=648099"}],"version-history":[{"count":0,"href":"https:\/\/www.europesays.com\/fr\/wp-json\/wp\/v2\/posts\/648099\/revisions"}],"wp:featuredmedia":[{"embeddable":true,"href":"https:\/\/www.europesays.com\/fr\/wp-json\/wp\/v2\/media\/648100"}],"wp:attachment":[{"href":"https:\/\/www.europesays.com\/fr\/wp-json\/wp\/v2\/media?parent=648099"}],"wp:term":[{"taxonomy":"category","embeddable":true,"href":"https:\/\/www.europesays.com\/fr\/wp-json\/wp\/v2\/categories?post=648099"},{"taxonomy":"post_tag","embeddable":true,"href":"https:\/\/www.europesays.com\/fr\/wp-json\/wp\/v2\/tags?post=648099"}],"curies":[{"name":"wp","href":"https:\/\/api.w.org\/{rel}","templated":true}]}}