{"id":648101,"date":"2026-01-07T22:58:16","date_gmt":"2026-01-07T22:58:16","guid":{"rendered":"https:\/\/www.europesays.com\/fr\/648101\/"},"modified":"2026-01-07T22:58:16","modified_gmt":"2026-01-07T22:58:16","slug":"hassen-hammou-en-garde-a-vue-pour-avoir-usurpe-lidentite-damine-kessaci","status":"publish","type":"post","link":"https:\/\/www.europesays.com\/fr\/648101\/","title":{"rendered":"Hassen Hammou en garde \u00e0 vue pour avoir usurp\u00e9 l&rsquo;identit\u00e9 d&rsquo;Amine Kessaci"},"content":{"rendered":"<p>\u00c9cart\u00e9 en octobre dernier de la formation Europe \u00c9cologie Les Verts (EELV) dont il venait d&rsquo;\u00eatre d\u00e9sign\u00e9 chef de file pour les prochaines \u00e9lections municipales de mars\u00a02026 dans la cit\u00e9 phoc\u00e9enne, <a href=\"https:\/\/www.laprovence.com\/article\/faits-divers-justice\/80429181807339\/marseille-hassen-hammou-condamne-a-18-mois-avec-sursis-pour-corruption-de-mineur\" target=\"_blank\" rel=\"noopener\">condamn\u00e9<\/a> en d\u00e9cembre \u00e0 15 mois de prison avec sursis<strong> <\/strong>pour corruption de mineur par le tribunal correctionnel de Marseille (il a fait appel), Hassen Hammou est \u00e0 nouveau dans la tourmente.<\/p>\n<p>L&rsquo;ancien proche de la d\u00e9put\u00e9e EELV <a href=\"https:\/\/www.laprovence.com\/article\/region\/25718114175145\/hassen-hammou-soupconne-de-corruption-de-mineur-invite-a-quitter-eelv-par-sandrine-rousseau\" target=\"_blank\" rel=\"noopener\">Sandrine Rousseau<\/a> (elle lui avait demand\u00e9 de d\u00e9missionner du bureau politique des \u00c9cologistes suite aux r\u00e9v\u00e9lations de la Provence, N.D.L.R.) a \u00e9t\u00e9 plac\u00e9 en garde \u00e0 vue ce mercredi 7\u00a0janvier pour usurpation d&rsquo;identit\u00e9.<\/p>\n<p>Entendu par les enqu\u00eateurs<\/p>\n<p>Le trentenaire qui, il y a quelques mois encore, ambitionnait de conduire\u00a0 l&rsquo;alliance des \u00e9cologistes avec le Printemps marseillais du maire Beno\u00eet Payan (DVG), a pass\u00e9 plusieurs heures ce mercredi 7 janvier dans les locaux de l&rsquo;\u00c9v\u00each\u00e9, sous le feu des questions des enqu\u00eateurs qui s&rsquo;interrogent sur une potentielle usurpation d&rsquo;identit\u00e9.<\/p>\n<p>Hassen Hammou aurait en effet ouvert un faux compte sur les r\u00e9seaux sociaux, sous le nom d&rsquo;<a href=\"https:\/\/www.laprovence.com\/article\/faits-divers-justice\/21428037805115\/info-la-provence-un-autre-frere-damine-kessaci-tue-par-balle-a-marseille\" target=\"_blank\" rel=\"noopener\">Amine Kessaci<\/a>, militant \u00e9cologiste lui aussi, et pr\u00e9sident de Conscience, l&rsquo;association d&rsquo;aide aux familles victimes du narcotrafic, dont le fr\u00e8re a \u00e9t\u00e9 assassin\u00e9 le 13 novembre dernier dans le 4e arrondissement de Marseille. Un homicide qui avait provoqu\u00e9 un \u00e9moi national et entra\u00een\u00e9 une manifestation de plusieurs milliers de personne \u00e0 Marseille.\u00a0<\/p>\n<p>Amine Kessaci aurait d\u00e9pos\u00e9 plainte<\/p>\n<p>Si les motifs pour lesquels Hassen Hammou aurait cr\u00e9\u00e9 ce faux compte demeuraient flous \u00e0 l&rsquo;heure o\u00f9 nous mettons sous presse, il semblerait que ce dernier a notamment \u00e9chang\u00e9 avec un \u00e9lu de la mairie des 2e et 3e arrondissements de Marseille, avant que celui-ci ne s&rsquo;adresse directement \u00e0 Amine Kessaci pour s&rsquo;assurer de l&rsquo;identit\u00e9 de son interlocuteur virtuel.<\/p>\n<p>Amine Kessaci aurait d\u00e9pos\u00e9 plainte avant qu&rsquo;une perquisition au domicile d&rsquo;Hassen Hammou ne pr\u00e9cipite son placement en garde \u00e0 vue.<\/p>\n","protected":false},"excerpt":{"rendered":"\u00c9cart\u00e9 en octobre dernier de la formation Europe \u00c9cologie Les Verts (EELV) dont il venait d&rsquo;\u00eatre d\u00e9sign\u00e9 chef&hellip;\n","protected":false},"author":2,"featured_media":648102,"comment_status":"","ping_status":"","sticky":false,"template":"","format":"standard","meta":{"footnotes":""},"categories":[2814],"tags":[5734,1111,11,1102,1777,674,274,1011,27,8712,58925,58924,884,12,5536,471,882,25,13373],"class_list":{"0":"post-648101","1":"post","2":"type-post","3":"status-publish","4":"format-standard","5":"has-post-thumbnail","7":"category-marseille","8":"tag-5734","9":"tag-actu","10":"tag-actualites","11":"tag-breakingnews","12":"tag-eu","13":"tag-europe","14":"tag-faits-divers-justice","15":"tag-fr","16":"tag-france","17":"tag-garde","18":"tag-hammou","19":"tag-hassen","20":"tag-marseille","21":"tag-news","22":"tag-place","23":"tag-pour","24":"tag-provence-alpes-cote-dazur","25":"tag-republique-francaise","26":"tag-vue"},"share_on_mastodon":{"url":"https:\/\/pubeurope.com\/@fr\/115856297569026484","error":""},"_links":{"self":[{"href":"https:\/\/www.europesays.com\/fr\/wp-json\/wp\/v2\/posts\/648101","targetHints":{"allow":["GET"]}}],"collection":[{"href":"https:\/\/www.europesays.com\/fr\/wp-json\/wp\/v2\/posts"}],"about":[{"href":"https:\/\/www.europesays.com\/fr\/wp-json\/wp\/v2\/types\/post"}],"author":[{"embeddable":true,"href":"https:\/\/www.europesays.com\/fr\/wp-json\/wp\/v2\/users\/2"}],"replies":[{"embeddable":true,"href":"https:\/\/www.europesays.com\/fr\/wp-json\/wp\/v2\/comments?post=648101"}],"version-history":[{"count":0,"href":"https:\/\/www.europesays.com\/fr\/wp-json\/wp\/v2\/posts\/648101\/revisions"}],"wp:featuredmedia":[{"embeddable":true,"href":"https:\/\/www.europesays.com\/fr\/wp-json\/wp\/v2\/media\/648102"}],"wp:attachment":[{"href":"https:\/\/www.europesays.com\/fr\/wp-json\/wp\/v2\/media?parent=648101"}],"wp:term":[{"taxonomy":"category","embeddable":true,"href":"https:\/\/www.europesays.com\/fr\/wp-json\/wp\/v2\/categories?post=648101"},{"taxonomy":"post_tag","embeddable":true,"href":"https:\/\/www.europesays.com\/fr\/wp-json\/wp\/v2\/tags?post=648101"}],"curies":[{"name":"wp","href":"https:\/\/api.w.org\/{rel}","templated":true}]}}