{"id":648103,"date":"2026-01-07T22:59:17","date_gmt":"2026-01-07T22:59:17","guid":{"rendered":"https:\/\/www.europesays.com\/fr\/648103\/"},"modified":"2026-01-07T22:59:17","modified_gmt":"2026-01-07T22:59:17","slug":"lyon-des-chants-appelant-a-la-violence-contre-les-marocains-et-les-juifs-en-marge-de-la-victoire-de-lalgerie","status":"publish","type":"post","link":"https:\/\/www.europesays.com\/fr\/648103\/","title":{"rendered":"Lyon. Des chants appelant \u00e0 la violence contre les Marocains et les Juifs en marge de la victoire de l\u2019Alg\u00e9rie"},"content":{"rendered":"<p>\u00ab\u00a0Ouvrez les fronti\u00e8res, qu\u2019on puisse n*quer les Marocains et les Juifs\u00a0\u00bb, scandent des supporters alg\u00e9riens, dont certains debout sur l\u2019arr\u00eat de tram <a href=\"https:\/\/www.leprogres.fr\/p\/la-guillotiere\" target=\"_blank\" rel=\"noopener\">Guilloti\u00e8re<\/a> \u2013 Gabriel P\u00e9ri, dans une vid\u00e9o publi\u00e9e sur les r\u00e9seaux sociaux apr\u00e8s la victoire de leur pays contre le Congo. Un match des huiti\u00e8mes de finale de la Coupe d\u2019Afrique des nations qui s\u2019est jou\u00e9 ce lundi 6\u00a0d\u00e9cembre.<\/p>\n<p>Des propos que la pr\u00e9f\u00e8te de la r\u00e9gion Auvergne-Rh\u00f4ne-Alpes n\u2019entend pas laisser passer. Ce mardi, <a href=\"https:\/\/www.leprogres.fr\/p\/fabienne-buccio\" target=\"_blank\" rel=\"noopener\">Fabienne Buccio<\/a> a signal\u00e9 cette vid\u00e9o appelant \u00e0 la violence au procureur de la R\u00e9publique de Lyon, via un article\u00a040, a appris ce lundi Le Progr\u00e8s, confirmant <a href=\"https:\/\/www.europe1.fr\/Police-Justice\/info-europe-1-can-des-supporters-algeriens-appellent-a-sen-prendre-aux-marocains-et-aux-juifs-la-prefete-de-lyon-signale-la-video-a-la-justice-877842\" target=\"_blank\" rel=\"noopener\">une information d\u2019<\/a><a href=\"https:\/\/www.europe1.fr\/Police-Justice\/info-europe-1-can-des-supporters-algeriens-appellent-a-sen-prendre-aux-marocains-et-aux-juifs-la-prefete-de-lyon-signale-la-video-a-la-justice-877842\" target=\"_blank\" rel=\"noopener\">Europe 1<\/a>.<\/p>\n<p>  Un pr\u00e9c\u00e9dent au mois de d\u00e9cembre<\/p>\n<p>D\u00e9j\u00e0, le 28\u00a0d\u00e9cembre, ce m\u00eame article avait \u00e9t\u00e9 d\u00e9gain\u00e9 <a href=\"https:\/\/www.leprogres.fr\/faits-divers-justice\/2025\/12\/29\/vous-nous-avez-colonises-on-fait-ce-qu-on-veut-polemique-apres-un-chant-de-supporters-algeriens-a-lyon\" target=\"_blank\" rel=\"noopener\">contre l\u2019influenceuse franco-alg\u00e9rienne<\/a> Sofia Benlemmane, laquelle s\u2019\u00e9tait film\u00e9e en marge de la victoire des Fennecs alors en phase de poule de la CAN alors qu\u2019elle chantait\u00a0: \u00ab\u00a0Vous nous avez colonis\u00e9s. Maintenant vous \u00eates dans la merde [\u2026] Le pays est le n\u00f4tre et on fait ce qu\u2019on veut.\u00a0\u00bb<\/p>\n<p>Pour rappel, la quinquag\u00e9naire avait \u00e9t\u00e9 condamn\u00e9e en avril par le tribunal de Lyon, pour \u00ab\u00a0provocation publique \u00e0 commettre un crime ou un d\u00e9lit\u00a0\u00bb, \u00ab\u00a0menaces de mort par image\u00a0\u00bb et \u00ab\u00a0injure publique en raison de l\u2019orientation sexuelle et de la religion\u00a0\u00bb, apr\u00e8s des publications d\u00e9lictuelles sur ses r\u00e9seaux sociaux. Elle a, par ailleurs, d\u00e9j\u00e0 tenu des propos antis\u00e9mites en ligne et semble proche du r\u00e9gime d\u2019Alger.<\/p>\n<p>Le prochain match de l\u2019Alg\u00e9rie aura lieu samedi 10\u00a0janvier \u00e0 17 heures. Les Fennecs affronteront le Nigeria pour ces quarts de finale qui auront lieu au stade de Marrakech. Les forces de l\u2019ordre devraient sans surprise \u00eatre de nouveau massivement d\u00e9ploy\u00e9es dans le quartier de la Guilloti\u00e8re pour cette occasion.<\/p>\n","protected":false},"excerpt":{"rendered":"\u00ab\u00a0Ouvrez les fronti\u00e8res, qu\u2019on puisse n*quer les Marocains et les Juifs\u00a0\u00bb, scandent des supporters alg\u00e9riens, dont certains debout&hellip;\n","protected":false},"author":2,"featured_media":648104,"comment_status":"","ping_status":"","sticky":false,"template":"","format":"standard","meta":{"footnotes":""},"categories":[1889],"tags":[1111,11,2430,271,272,2757,1777,674,274,107,1011,27,2428,5947,5946,12,25,2429],"class_list":{"0":"post-648103","1":"post","2":"type-post","3":"status-publish","4":"format-standard","5":"has-post-thumbnail","7":"category-lyon","8":"tag-actu","9":"tag-actualites","10":"tag-auvergne-rhone-alpes","11":"tag-crime","12":"tag-delit-et-contravention","13":"tag-edition-lyon-villeurbanne","14":"tag-eu","15":"tag-europe","16":"tag-faits-divers-justice","17":"tag-fil-info","18":"tag-fr","19":"tag-france","20":"tag-lyon","21":"tag-lyon-7e","22":"tag-lyon-7e-arrondissement","23":"tag-news","24":"tag-republique-francaise","25":"tag-rhone"},"share_on_mastodon":{"url":"https:\/\/pubeurope.com\/@fr\/115856301801158738","error":""},"_links":{"self":[{"href":"https:\/\/www.europesays.com\/fr\/wp-json\/wp\/v2\/posts\/648103","targetHints":{"allow":["GET"]}}],"collection":[{"href":"https:\/\/www.europesays.com\/fr\/wp-json\/wp\/v2\/posts"}],"about":[{"href":"https:\/\/www.europesays.com\/fr\/wp-json\/wp\/v2\/types\/post"}],"author":[{"embeddable":true,"href":"https:\/\/www.europesays.com\/fr\/wp-json\/wp\/v2\/users\/2"}],"replies":[{"embeddable":true,"href":"https:\/\/www.europesays.com\/fr\/wp-json\/wp\/v2\/comments?post=648103"}],"version-history":[{"count":0,"href":"https:\/\/www.europesays.com\/fr\/wp-json\/wp\/v2\/posts\/648103\/revisions"}],"wp:featuredmedia":[{"embeddable":true,"href":"https:\/\/www.europesays.com\/fr\/wp-json\/wp\/v2\/media\/648104"}],"wp:attachment":[{"href":"https:\/\/www.europesays.com\/fr\/wp-json\/wp\/v2\/media?parent=648103"}],"wp:term":[{"taxonomy":"category","embeddable":true,"href":"https:\/\/www.europesays.com\/fr\/wp-json\/wp\/v2\/categories?post=648103"},{"taxonomy":"post_tag","embeddable":true,"href":"https:\/\/www.europesays.com\/fr\/wp-json\/wp\/v2\/tags?post=648103"}],"curies":[{"name":"wp","href":"https:\/\/api.w.org\/{rel}","templated":true}]}}